{"id":114119,"date":"2022-10-04T19:59:54","date_gmt":"2022-10-04T22:59:54","guid":{"rendered":"http:\/\/vinasfm.com\/noticias\/?p=114119"},"modified":"2022-10-06T08:53:50","modified_gmt":"2022-10-06T11:53:50","slug":"general-alvear-presentera-su-primer-encuntro-cultural-de-danza-teatro-y-musica","status":"publish","type":"post","link":"https:\/\/vinasfm.com\/noticias\/general-alvear-presentera-su-primer-encuntro-cultural-de-danza-teatro-y-musica\/","title":{"rendered":"GENERAL ALVEAR PRESENTER\u00c1 SU PRIMER ENCUENTRO CULTURAL DE DANZA, TEATRO Y M\u00daSICA"},"content":{"rendered":"<h4>Norma Ruiz, Marco Alonso y Mar\u00eda de Los \u00c1ngeles Daje, en dialogo con F.M VI\u00d1AS, anunciaron el primer Encuentro Cultural que se realizar\u00e1 en General Alvear. El evento recorrer\u00e1 varios puntos del departamento y contar\u00e1 con la participaci\u00f3n de artistas de todo el pa\u00eds.<\/h4>\n<p>Norma Ruiz, la Sub Secretaria de Gobierno de General Alvear, present\u00f3 el Evento Cultural que se realizar\u00e1 por primera vez en el departamento, mencion\u00f3 que <strong><em>&#8216;la propuesta es llevarlo a distintos puntos del departamento, se trata de una propuesta cultural federalizada<\/em><\/strong>&#8216;.\u00a0El evento fue propuesto por el grupo de artistas \u00abALVEARTE\u00bb, encabezada por el profesor Marcos Alonso y <strong><em>&#8216;se realizar\u00e1 los d\u00edas 7, 8 y 9 del mes de octubre, en donde se realizar\u00e1n talleres gratuitos, as\u00ed como tambi\u00e9n <\/em><em>arancelados&#8217;<\/em><\/strong> detall\u00f3 Ruiz.<\/p>\n<p>Marco Alonso, profesor de, manifest\u00f3 que <strong><em>&#8216;se estar\u00e1 llevando a los 3 distritos de l departamento, la biblioteca La Fusa, el Polideportivo Deportistas Alvearenses y el Predio Ferial&#8217;.<\/em><\/strong> Los talleres ser\u00e1n dictados por artistas profesionales de todo el pa\u00eds, <strong><em>&#8216;tenemos muchas expectativas y mucha ansiedad porque es la primera vez que traemos artistas y se realiza el evento en el sur de la provincia&#8217;.\u00a0\u00a0<\/em><\/strong>El evento se planteo como un encuentro de danza pero <em><strong>&#8216;afortunadamente se sumaron profesionales del teatro y la m\u00fasica&#8217;<\/strong><\/em> manifiesta Alonso.<\/p>\n<p>En el \u00e1mbito del folclore, dentro del evento,<em><strong> &#8216;se presentar\u00e1 Cristian Rivarola, ganador del Pre Cosquin, y dictando un seminario de ch\u00e1mame&#8217;<\/strong><\/em> anunci\u00f3 Mar\u00eda de Los \u00c1ngeles Daje y agreg\u00f3<strong><em> &#8216;ser\u00e1 el \u00fanico seminario arancelado&#8217;.\u00a0<\/em><\/strong><em><strong>&#8216;Invitamos a todos los quieran participar a forma parte del encuentro&#8217;<\/strong><\/em> concluyeron.<\/p>\n<h6>Gabriel Vallejos<\/h6>\n","protected":false},"excerpt":{"rendered":"<p>Norma Ruiz, Marco Alonso y Mar\u00eda de Los \u00c1ngeles Daje, en dialogo con F.M VI\u00d1AS, anunciaron el primer Encuentro Cultural que &#8230;<\/p>\n","protected":false},"author":7,"featured_media":114121,"comment_status":"open","ping_status":"open","sticky":false,"template":"","format":"standard","meta":{"footnotes":""},"categories":[5,19],"tags":[],"class_list":["post-114119","post","type-post","status-publish","format-standard","has-post-thumbnail","hentry","category-actualidad","category-cultura"],"_links":{"self":[{"href":"https:\/\/vinasfm.com\/noticias\/wp-json\/wp\/v2\/posts\/114119","targetHints":{"allow":["GET"]}}],"collection":[{"href":"https:\/\/vinasfm.com\/noticias\/wp-json\/wp\/v2\/posts"}],"about":[{"href":"https:\/\/vinasfm.com\/noticias\/wp-json\/wp\/v2\/types\/post"}],"author":[{"embeddable":true,"href":"https:\/\/vinasfm.com\/noticias\/wp-json\/wp\/v2\/users\/7"}],"replies":[{"embeddable":true,"href":"https:\/\/vinasfm.com\/noticias\/wp-json\/wp\/v2\/comments?post=114119"}],"version-history":[{"count":3,"href":"https:\/\/vinasfm.com\/noticias\/wp-json\/wp\/v2\/posts\/114119\/revisions"}],"predecessor-version":[{"id":114217,"href":"https:\/\/vinasfm.com\/noticias\/wp-json\/wp\/v2\/posts\/114119\/revisions\/114217"}],"wp:featuredmedia":[{"embeddable":true,"href":"https:\/\/vinasfm.com\/noticias\/wp-json\/wp\/v2\/media\/114121"}],"wp:attachment":[{"href":"https:\/\/vinasfm.com\/noticias\/wp-json\/wp\/v2\/media?parent=114119"}],"wp:term":[{"taxonomy":"category","embeddable":true,"href":"https:\/\/vinasfm.com\/noticias\/wp-json\/wp\/v2\/categories?post=114119"},{"taxonomy":"post_tag","embeddable":true,"href":"https:\/\/vinasfm.com\/noticias\/wp-json\/wp\/v2\/tags?post=114119"}],"curies":[{"name":"wp","href":"https:\/\/api.w.org\/{rel}","templated":true}]}}