{"id":114090,"date":"2022-10-03T11:23:59","date_gmt":"2022-10-03T14:23:59","guid":{"rendered":"http:\/\/vinasfm.com\/noticias\/?p=114090"},"modified":"2022-10-05T09:29:04","modified_gmt":"2022-10-05T12:29:04","slug":"general-alvear-se-presenta-con-exito-como-punto-turistico-en-la-fit","status":"publish","type":"post","link":"https:\/\/vinasfm.com\/noticias\/general-alvear-se-presenta-con-exito-como-punto-turistico-en-la-fit\/","title":{"rendered":"GENERAL ALVEAR SE PRESENTA CON \u00c9XITO COMO PUNTO TUR\u00cdSTICO EN LA FIT"},"content":{"rendered":"<p><span style=\"color: #000000;\"><em><b>General Alvear tuvo exitoso despliegue en la Feria Internacional del Turismo. La Directora de Turismo del departamento, Fabiana Gonz\u00e1lez agradeci\u00f3 el c\u00e1lido\u00a0recibimiento en el evento y manifest\u00f3 que el departamento tiene un lugar destacado dentro del turismo provincial.\u00a0<\/b><\/em><\/span><\/p>\n<p><span style=\"color: #000000;\"><strong><em>&#8216;Estamos felices de poder asistir a la FIT, hemos tenido jornadas muy intensas y muy satisfactorias&#8217;<\/em><\/strong> afirmo Fabiana Gonz\u00e1lez, Directora de Turismos de General Alvear desde la Feria Internacional del Turismo. <em><b>&#8216;Estamos dentro del stand\u00a0provincial que est\u00e1 dividido por regiones y nosotros tenemos nuestro propio lugar&#8217;<\/b><\/em> mencion\u00f3 acerca de la posici\u00f3n del departamento en Mendoza.\u00a0<\/span><\/p>\n<p><span style=\"color: #000000;\"><em><strong>&#8216;Nos hemos encontrado con un p\u00fablico muy atento con muchas ganas de conocer nuevos lugares&#8217;<\/strong> <\/em>dijo Gonz\u00e1les y remarc\u00f3 que hay muchas personas que conocen el departamento y ans\u00edan regresar. <strong><em>&#8216;El gran trabajo en equipo hace que podamos trabajar conjuntamente para promover el departamento&#8217;\u00a0<\/em><\/strong>detall\u00f3.\u00a0<\/span><\/p>\n<p><span style=\"color: #000000;\"><em><strong>&#8216;Hemos estado hablando mucho de nuestro turismo deportivo y cultural y tambi\u00e9n sobre los paisajes que brinda el departamento&#8217;\u00a0<\/strong><\/em>dijo y sum\u00f3 que en su mayor\u00eda el p\u00fablico que ha llegado al stand busca el contacto con la naturaleza. <em><strong>&#8216;Los fines de semana son los que m\u00e1s beneficios nos traen porque la gente prefiere realizar muchas salidas a lo largo del a\u00f1o que una solo de muchos d\u00edas&#8217;.<\/strong><\/em>\u00a0<\/span><\/p>\n<p><span style=\"color: #000000;\">A la FIT asistieron los presidentes de las C\u00e1mara de Comercio y Turismo, la Reina Departamental de la Vendimia Carolina Sendra y\u00a0 Sof\u00eda Perfumo Embajadora de la Ganader\u00eda. <em><strong>&#8216;Hay que reconocer al Sector Privado que ha donado cada art\u00edculo que podemos mostrar el d\u00eda de hoy y aunque no pueden estar presentes, lo hacen desde la gastronom\u00eda, los aromas y sabores que comparten&#8217; manifest\u00f3 Gonz\u00e1lez.\u00a0<\/strong><\/em><\/span><\/p>\n<p><span style=\"color: #000000;\"><strong><em>\u00a0&#8216;Nos toca mostrarle al pa\u00eds que hemos sido beneficiados con los recursos otorgados para poder recibir fondos nuevamente y seguir creciendo como oferta tur\u00edstica&#8217;<\/em><\/strong> concluy\u00f3 Fabiana Gonz\u00e1lez, Directora de Turismo de Gral. Alvear.\u00a0<\/span><\/p>\n<h6><span style=\"color: #000000;\">Gabriel Vallejos<\/span><\/h6>\n","protected":false},"excerpt":{"rendered":"<p>General Alvear tuvo exitoso despliegue en la Feria Internacional del Turismo. La Directora de Turismo del departamento, Fabiana Gonz\u00e1lez agradeci\u00f3 el &#8230;<\/p>\n","protected":false},"author":7,"featured_media":114098,"comment_status":"open","ping_status":"open","sticky":false,"template":"","format":"standard","meta":{"footnotes":""},"categories":[5,20],"tags":[],"class_list":["post-114090","post","type-post","status-publish","format-standard","has-post-thumbnail","hentry","category-actualidad","category-turismo"],"_links":{"self":[{"href":"https:\/\/vinasfm.com\/noticias\/wp-json\/wp\/v2\/posts\/114090","targetHints":{"allow":["GET"]}}],"collection":[{"href":"https:\/\/vinasfm.com\/noticias\/wp-json\/wp\/v2\/posts"}],"about":[{"href":"https:\/\/vinasfm.com\/noticias\/wp-json\/wp\/v2\/types\/post"}],"author":[{"embeddable":true,"href":"https:\/\/vinasfm.com\/noticias\/wp-json\/wp\/v2\/users\/7"}],"replies":[{"embeddable":true,"href":"https:\/\/vinasfm.com\/noticias\/wp-json\/wp\/v2\/comments?post=114090"}],"version-history":[{"count":3,"href":"https:\/\/vinasfm.com\/noticias\/wp-json\/wp\/v2\/posts\/114090\/revisions"}],"predecessor-version":[{"id":114190,"href":"https:\/\/vinasfm.com\/noticias\/wp-json\/wp\/v2\/posts\/114090\/revisions\/114190"}],"wp:featuredmedia":[{"embeddable":true,"href":"https:\/\/vinasfm.com\/noticias\/wp-json\/wp\/v2\/media\/114098"}],"wp:attachment":[{"href":"https:\/\/vinasfm.com\/noticias\/wp-json\/wp\/v2\/media?parent=114090"}],"wp:term":[{"taxonomy":"category","embeddable":true,"href":"https:\/\/vinasfm.com\/noticias\/wp-json\/wp\/v2\/categories?post=114090"},{"taxonomy":"post_tag","embeddable":true,"href":"https:\/\/vinasfm.com\/noticias\/wp-json\/wp\/v2\/tags?post=114090"}],"curies":[{"name":"wp","href":"https:\/\/api.w.org\/{rel}","templated":true}]}}