{"id":114079,"date":"2022-10-03T08:52:38","date_gmt":"2022-10-03T11:52:38","guid":{"rendered":"http:\/\/vinasfm.com\/noticias\/?p=114079"},"modified":"2022-10-03T09:55:14","modified_gmt":"2022-10-03T12:55:14","slug":"asi-estara-el-tiempo-esta-semana-en-la-zona-departamental","status":"publish","type":"post","link":"https:\/\/vinasfm.com\/noticias\/asi-estara-el-tiempo-esta-semana-en-la-zona-departamental\/","title":{"rendered":"AS\u00cd ESTAR\u00c1 EL TIEMPO ESTA SEMANA EN LA ZONA DEPARTAMENTAL"},"content":{"rendered":"<h4><span style=\"color: #000000;\">La primera semana de octubre ser\u00e1 variable en la tendencia meteorol\u00f3gica presentando temperaturas que ir\u00e1n desde los 7\u00b0C hasta los 31\u00b0C. El pron\u00f3stico anuncia d\u00edas nublados y ventosos a lo largo de la semana.\u00a0<\/span><\/h4>\n<p><span style=\"color: #000000;\">La semana comenzar\u00e1 con nubosidad moderada el <em><strong>d\u00eda<\/strong><\/em> <em><strong>lunes<\/strong> <\/em>con vientos moderados del noreste. Leves cambios en la temperatura presentara la m\u00e1xima de 28\u00b0C y la m\u00ednima de 11\u00b0C. Se esperan tormentas aisladas en el sur provincial.\u00a0<\/span><\/p>\n<p><span style=\"color: #000000;\">Para el <strong><em>d\u00eda<\/em><\/strong> <em><strong>martes<\/strong> <\/em>se espera nubosidad variable con descenso de la temperatura, vientos moderados del sector sur y tormentas aisladas hacia el norte. 24\u00b0C ser\u00e1 la m\u00e1xima prevista y 11\u00b0C la m\u00ednima.\u00a0<\/span><\/p>\n<p><span style=\"color: #000000;\">El<strong><em> mi\u00e9rcoles 5 de octubre<\/em> <\/strong>contin\u00faa el descenso de la temperatura, el cielo permanecer\u00e1 mayormente nublado con tormentas asiladas y present\u00e1 vientos aislados del sector sur rotando al noreste. M\u00e1xima 17\u00b0C y m\u00ednima 7\u00b0C.\u00a0<\/span><\/p>\n<p><span style=\"color: #000000;\">Incremento en la temperatura y nubosidad en disminuci\u00f3n presentar\u00e1 el <strong><em>d\u00eda jueve<\/em><\/strong>s, junto a vientos leves del sector norte. M\u00e1xima 20\u00b0C y m\u00ednima 7\u00b0C con respecto al ascenso de la temperatura.\u00a0<\/span><\/p>\n<p><span style=\"color: #000000;\">Poca nubosidad con asenso en la temperatura se pronostica para el<strong><em> viernes 7 de octubre<\/em><\/strong>. El d\u00eda contar\u00e1 con probabilidad de viento zonda en el llano. El d\u00eda tendr\u00e1 tendencias c\u00e1lidas con 31\u00b0C para la m\u00e1xima y 10\u00b0C para la m\u00ednima.\u00a0<\/span><\/p>\n<h6>Gabriel Vallejos<\/h6>\n","protected":false},"excerpt":{"rendered":"<p>La primera semana de octubre ser\u00e1 variable en la tendencia meteorol\u00f3gica presentando temperaturas que ir\u00e1n desde los 7\u00b0C hasta los 31\u00b0C. &#8230;<\/p>\n","protected":false},"author":7,"featured_media":114084,"comment_status":"open","ping_status":"open","sticky":false,"template":"","format":"standard","meta":{"footnotes":""},"categories":[5,36],"tags":[],"class_list":["post-114079","post","type-post","status-publish","format-standard","has-post-thumbnail","hentry","category-actualidad","category-pronostico"],"_links":{"self":[{"href":"https:\/\/vinasfm.com\/noticias\/wp-json\/wp\/v2\/posts\/114079","targetHints":{"allow":["GET"]}}],"collection":[{"href":"https:\/\/vinasfm.com\/noticias\/wp-json\/wp\/v2\/posts"}],"about":[{"href":"https:\/\/vinasfm.com\/noticias\/wp-json\/wp\/v2\/types\/post"}],"author":[{"embeddable":true,"href":"https:\/\/vinasfm.com\/noticias\/wp-json\/wp\/v2\/users\/7"}],"replies":[{"embeddable":true,"href":"https:\/\/vinasfm.com\/noticias\/wp-json\/wp\/v2\/comments?post=114079"}],"version-history":[{"count":2,"href":"https:\/\/vinasfm.com\/noticias\/wp-json\/wp\/v2\/posts\/114079\/revisions"}],"predecessor-version":[{"id":114087,"href":"https:\/\/vinasfm.com\/noticias\/wp-json\/wp\/v2\/posts\/114079\/revisions\/114087"}],"wp:featuredmedia":[{"embeddable":true,"href":"https:\/\/vinasfm.com\/noticias\/wp-json\/wp\/v2\/media\/114084"}],"wp:attachment":[{"href":"https:\/\/vinasfm.com\/noticias\/wp-json\/wp\/v2\/media?parent=114079"}],"wp:term":[{"taxonomy":"category","embeddable":true,"href":"https:\/\/vinasfm.com\/noticias\/wp-json\/wp\/v2\/categories?post=114079"},{"taxonomy":"post_tag","embeddable":true,"href":"https:\/\/vinasfm.com\/noticias\/wp-json\/wp\/v2\/tags?post=114079"}],"curies":[{"name":"wp","href":"https:\/\/api.w.org\/{rel}","templated":true}]}}