{"id":114039,"date":"2022-10-05T09:25:55","date_gmt":"2022-10-05T12:25:55","guid":{"rendered":"http:\/\/vinasfm.com\/noticias\/?p=114039"},"modified":"2022-10-05T12:19:11","modified_gmt":"2022-10-05T15:19:11","slug":"homicidio-un-joven-de-23-anos-perdio-la-vida-tras-ser-apunalado-en-una-rina","status":"publish","type":"post","link":"https:\/\/vinasfm.com\/noticias\/homicidio-un-joven-de-23-anos-perdio-la-vida-tras-ser-apunalado-en-una-rina\/","title":{"rendered":"HOMICIDIO: EL CIUDADANO IMPUTADO POR EL CRIMEN FUE ALOJADO EN EL PENAL DE SAN RAFAEL"},"content":{"rendered":"<p><strong>El hecho sucedi\u00f3 pasadas las 21 horas del d\u00eda s\u00e1bado, la v\u00edctima fue reconocida como Luis Anselmo Rodr\u00edguez quien fue encontrado sin vida en la calle La Pampa y Calle 8 distrito de Alvear Oeste de nuestro departamento\u00a0<\/strong><\/p>\n<p>El conflicto se desato cuando el detenido y reconocido homicida Sebasti\u00e1n Rold\u00e1n de 20 a\u00f1os apu\u00f1alo con un arma blanca al afectado tras haber discutido presuntamente por motivos y diferencias deportivas, seg\u00fan testimonios estas dos personas ten\u00edan un parentesco lejano, luego de haber cometido el acto r\u00e1pidamente huyo del lugar.<\/p>\n<p>Dichos vecinos del distrito de Alvear Oeste acudieron al 911 despu\u00e9s de ver a la v\u00edctima tirada en el suelo gravemente herido, minutos despu\u00e9s el personal policial lleg\u00f3 a la escena del crimen donde r\u00e1pidamente trasladaron al joven quien lamentablemente perdi\u00f3 la vida en camino al Hospital Enfermeros Argentinos.<\/p>\n<p>Seg\u00fan testimonios el padre del homicida reconoci\u00f3 el hecho de violencia que su hijo hab\u00eda cometido, respecto a esto declar\u00f3 al personal policial que su hijo iba a entregarse a las autoridades. Adem\u00e1s, se encontr\u00f3 el arma blanca (Cuchillo) en la v\u00eda p\u00fablica con restos de sangre. El agresor fue detenido en la comisar\u00eda 14 perteneciente al departamento de General Alvear.<\/p>\n<p>En las \u00faltimas horas se inform\u00f3 que el acusado del homicidio que termino con la vida de Sebasti\u00e1n Roldan fue trasladado al penal del vecino departamento de San Rafael.<\/p>\n<p>Ampliaremos.<\/p>\n<h6><strong>Ludmila Lucero<\/strong><\/h6>\n<p>&nbsp;<\/p>\n","protected":false},"excerpt":{"rendered":"<p>El hecho sucedi\u00f3 pasadas las 21 horas del d\u00eda s\u00e1bado, la v\u00edctima fue reconocida como Luis Anselmo Rodr\u00edguez quien fue encontrado &#8230;<\/p>\n","protected":false},"author":7,"featured_media":46754,"comment_status":"open","ping_status":"open","sticky":false,"template":"","format":"standard","meta":{"footnotes":""},"categories":[5,4],"tags":[],"class_list":["post-114039","post","type-post","status-publish","format-standard","has-post-thumbnail","hentry","category-actualidad","category-policiales"],"_links":{"self":[{"href":"https:\/\/vinasfm.com\/noticias\/wp-json\/wp\/v2\/posts\/114039","targetHints":{"allow":["GET"]}}],"collection":[{"href":"https:\/\/vinasfm.com\/noticias\/wp-json\/wp\/v2\/posts"}],"about":[{"href":"https:\/\/vinasfm.com\/noticias\/wp-json\/wp\/v2\/types\/post"}],"author":[{"embeddable":true,"href":"https:\/\/vinasfm.com\/noticias\/wp-json\/wp\/v2\/users\/7"}],"replies":[{"embeddable":true,"href":"https:\/\/vinasfm.com\/noticias\/wp-json\/wp\/v2\/comments?post=114039"}],"version-history":[{"count":6,"href":"https:\/\/vinasfm.com\/noticias\/wp-json\/wp\/v2\/posts\/114039\/revisions"}],"predecessor-version":[{"id":114230,"href":"https:\/\/vinasfm.com\/noticias\/wp-json\/wp\/v2\/posts\/114039\/revisions\/114230"}],"wp:featuredmedia":[{"embeddable":true,"href":"https:\/\/vinasfm.com\/noticias\/wp-json\/wp\/v2\/media\/46754"}],"wp:attachment":[{"href":"https:\/\/vinasfm.com\/noticias\/wp-json\/wp\/v2\/media?parent=114039"}],"wp:term":[{"taxonomy":"category","embeddable":true,"href":"https:\/\/vinasfm.com\/noticias\/wp-json\/wp\/v2\/categories?post=114039"},{"taxonomy":"post_tag","embeddable":true,"href":"https:\/\/vinasfm.com\/noticias\/wp-json\/wp\/v2\/tags?post=114039"}],"curies":[{"name":"wp","href":"https:\/\/api.w.org\/{rel}","templated":true}]}}