{"id":113983,"date":"2022-09-30T08:40:01","date_gmt":"2022-09-30T11:40:01","guid":{"rendered":"http:\/\/vinasfm.com\/noticias\/?p=113983"},"modified":"2022-10-01T10:31:41","modified_gmt":"2022-10-01T13:31:41","slug":"confirman-un-nuevo-aumento-en-los-combustibles-de-hasta-4-para-este-fin-de-semana","status":"publish","type":"post","link":"https:\/\/vinasfm.com\/noticias\/confirman-un-nuevo-aumento-en-los-combustibles-de-hasta-4-para-este-fin-de-semana\/","title":{"rendered":"CONFIRMAN UN NUEVO AUMENTO EN LOS COMBUSTIBLES DE HASTA 4% PARA ESTE FIN DE SEMANA"},"content":{"rendered":"<h4 class=\"note__epigraph\">El incremento en naftas y gasoil se aplicar\u00e1 desde el s\u00e1bado y obedece a un \u201cdescongelamiento programado\u201d del precio<\/h4>\n<p>La\u00a0Secretaria de Energ\u00eda de la Naci\u00f3n,\u00a0Flavia Roy\u00f3n, confirm\u00f3 que a partir de este s\u00e1bado el precio de los\u00a0combustibles\u00a0aumentar\u00e1 entre el 1 y el 4% en todo el pa\u00eds.<\/p>\n<p>Las estaciones de servicio recibieron la autorizaci\u00f3n para aplicar el incremento en el precio, que se encuentra regulado y hab\u00eda sido congelado durante la pandemia.<\/p>\n<p>Seg\u00fan inform\u00f3 la funcionaria del\u00a0Ministerio de Econom\u00eda, se trata de un \u201cdescongelamiento programado\u201d en el precio de naftas y gasoil, acordado previamente con las empresas del sector.<\/p>\n<p>La actualizaci\u00f3n del precio busca compensar un retraso que s\u00f3lo abarca \u201cdos trimestres de 2021 que en su momento se hab\u00eda tomado la decisi\u00f3n de congelar por la\u00a0pandemia\u201d, explic\u00f3 Roy\u00f3n.<\/p>\n<p>Con la necesidad de aumentar los ingresos fiscales para cumplir con la meta d\u00e9ficit de 2,5% del PBI acordada con el Fondo Monetario Internacional (FMI), la Secretar\u00eda de Energ\u00eda decidi\u00f3 terminar con el congelamiento en la actualizaci\u00f3n de los impuestos a los combustibles l\u00edquidos (ICL) y al di\u00f3xido de Carbono (IDC). Estos tributos, que son de suma fija sobre cada litro expendido, tendr\u00e1n un aumento del 25,32%, con base en los datos de inflaci\u00f3n del primer y segundo trimestre de 2021, que no se hab\u00edan aplicado.<\/p>\n<p>El \u00faltimo incremento de los combustibles hab\u00eda sido anunciado el 21 de agosto y se establec\u00eda en el orden del 7,5%. Sobre esos n\u00fameros se aplicar\u00eda entre el 1 y el 4% de aumento, seg\u00fan lo indicado por Roy\u00f3n, aunque resta conocer el detalle seg\u00fan el producto.<\/p>\n<p>\u201cEl precio por litro de la nafta s\u00faper en YPF aument\u00f3 45,5% en lo que va del a\u00f1o, frente a una inflaci\u00f3n acumulada hasta agosto de 56,4%. Si adem\u00e1s le sumamos la inflaci\u00f3n de septiembre, que podr\u00eda ser del 6% mensual, la inflaci\u00f3n de este a\u00f1o acumulada ser\u00eda de 65,8%. En el mismo periodo, la nafta aument\u00f3 casi 20 puntos menos\u201d, indicaron en el sector.<\/p>\n","protected":false},"excerpt":{"rendered":"<p>El incremento en naftas y gasoil se aplicar\u00e1 desde el s\u00e1bado y obedece a un \u201cdescongelamiento programado\u201d del precio La\u00a0Secretaria de &#8230;<\/p>\n","protected":false},"author":7,"featured_media":19024,"comment_status":"open","ping_status":"open","sticky":false,"template":"","format":"standard","meta":{"footnotes":""},"categories":[5,10],"tags":[],"class_list":["post-113983","post","type-post","status-publish","format-standard","has-post-thumbnail","hentry","category-actualidad","category-destacadas"],"_links":{"self":[{"href":"https:\/\/vinasfm.com\/noticias\/wp-json\/wp\/v2\/posts\/113983","targetHints":{"allow":["GET"]}}],"collection":[{"href":"https:\/\/vinasfm.com\/noticias\/wp-json\/wp\/v2\/posts"}],"about":[{"href":"https:\/\/vinasfm.com\/noticias\/wp-json\/wp\/v2\/types\/post"}],"author":[{"embeddable":true,"href":"https:\/\/vinasfm.com\/noticias\/wp-json\/wp\/v2\/users\/7"}],"replies":[{"embeddable":true,"href":"https:\/\/vinasfm.com\/noticias\/wp-json\/wp\/v2\/comments?post=113983"}],"version-history":[{"count":1,"href":"https:\/\/vinasfm.com\/noticias\/wp-json\/wp\/v2\/posts\/113983\/revisions"}],"predecessor-version":[{"id":113984,"href":"https:\/\/vinasfm.com\/noticias\/wp-json\/wp\/v2\/posts\/113983\/revisions\/113984"}],"wp:featuredmedia":[{"embeddable":true,"href":"https:\/\/vinasfm.com\/noticias\/wp-json\/wp\/v2\/media\/19024"}],"wp:attachment":[{"href":"https:\/\/vinasfm.com\/noticias\/wp-json\/wp\/v2\/media?parent=113983"}],"wp:term":[{"taxonomy":"category","embeddable":true,"href":"https:\/\/vinasfm.com\/noticias\/wp-json\/wp\/v2\/categories?post=113983"},{"taxonomy":"post_tag","embeddable":true,"href":"https:\/\/vinasfm.com\/noticias\/wp-json\/wp\/v2\/tags?post=113983"}],"curies":[{"name":"wp","href":"https:\/\/api.w.org\/{rel}","templated":true}]}}