{"id":113981,"date":"2022-09-30T08:27:01","date_gmt":"2022-09-30T11:27:01","guid":{"rendered":"http:\/\/vinasfm.com\/noticias\/?p=113981"},"modified":"2022-09-30T08:27:01","modified_gmt":"2022-09-30T11:27:01","slug":"se-viene-otro-aumento-de-la-luz-cuando-se-aplicara-y-que-impacto-tendra-en-las-boletas","status":"publish","type":"post","link":"https:\/\/vinasfm.com\/noticias\/se-viene-otro-aumento-de-la-luz-cuando-se-aplicara-y-que-impacto-tendra-en-las-boletas\/","title":{"rendered":"SE VIENE OTRO AUMENTO DE LA LUZ: CU\u00c1NDO SE APLICAR\u00c1 Y QUE IMPACTO TENDR\u00c1 EN LAS BOLETAS"},"content":{"rendered":"<h4><strong>En la\u00a0audiencia p\u00fablica\u00a0realizada este jueves para debatir un\u00a0nuevo aumento en la tarifa de la luz, el Ente Provincial Regulador El\u00e9ctrico (EPRE) sugiri\u00f3 un ajuste en las boletas del\u00a014%, mientras que las distribuidoras solicitan un incremento del 16%.<\/strong><\/h4>\n<p><strong>El alza se aplicar\u00eda desde octubre<\/strong>, y el impacto promedio para los usuarios residenciales ir\u00eda desde los $164 a $982 mensuales, de acuerdo con su la categor\u00eda de consumo.<\/p>\n<p>En el espacio Cultural Julio Le Parc, de Guaymall\u00e9n, se discuti\u00f3 la adecuaci\u00f3n del\u00a0<strong>Valor Agregado de Distribuci\u00f3n (VAD)<\/strong>, el \u00fanico componente tarifario que regula el Gobierno provincial.<\/p>\n<p>Las distribuidoras pidieron \u201cadaptar\u201d las facturas a la situaci\u00f3n econ\u00f3mica del pa\u00eds y a las variaciones de los precios de los insumos. En ese contexto, pidieron un\u00a0aumento del VAD que oscila entre el\u00a0<strong>31,9% y el 34,2%<\/strong>, lo que tendr\u00eda un impacto en las facturas de\u00a0<strong>16%<\/strong>.<\/p>\n<p>Desde Edemsa, la principal distribuidora el\u00e9ctrica de la provincia, plantearon que las tarifas tienen un desajuste desde hace ocho meses y exigieron que la actualizaci\u00f3n se ponga en vigencia en el \u201cmenor tiempo posible\u201d, considerando los elevados valores inflacionarios de la Argentina.<\/p>\n<p>El\u00a0<strong>EPRE,\u00a0<\/strong>por su parte, propuso una cifra similar, con una\u00a0<strong>adecuaci\u00f3n media del 14,3%<\/strong>.<em><strong> &#8216;La primera vez que nos pasa que el desfase es m\u00ednimo, la inflaci\u00f3n ha sido muy grande. Una vez que tengamos el informe de la audiencia, el gobernador (Rodolfo Suarez) realizar\u00e1 el procedimiento. Calculamos que si no hay ning\u00fan problema en octubre estar\u00e1 aplicado el nuevo VAD&#8217;<\/strong><\/em>, explic\u00f3 Andrea Molina, titular del \u00f3rgano de control.<\/p>\n<p>Seg\u00fan los estudios del ente, para los usuarios residenciales (representan el 85% de los usuarios de la provincia), los aumentos promedios ser\u00edan los siguientes:<\/p>\n<ul>\n<li><strong>217.096<\/strong>\u00a0usuarios residenciales con consumos bimestrales menores a 299 kWh:\u00a0<strong>12,7%<\/strong>\u00a0(<strong>$164<\/strong>\u00a0mensuales).<\/li>\n<li><strong>171.930<\/strong>\u00a0usuarios residenciales con consumos bimestrales entre 300 kWh a 599 kWh:\u00a0<strong>13,5%<\/strong>\u00a0(<strong>$454,5<\/strong>\u00a0mensuales).<\/li>\n<li><strong>155.656<\/strong>\u00a0usuarios residenciales con consumos bimestrales mayores a 600 kWh:\u00a0<strong>15%<\/strong>\u00a0(<strong>$982,5<\/strong>\u00a0mensuales).<\/li>\n<\/ul>\n<p>Para el resto de los consumidores peque\u00f1os y medianos comercios, riego agr\u00edcola, industrias, la variaci\u00f3n promedio ser\u00eda del 15%.<\/p>\n<p>Tras la audiencia p\u00falica no vinculante, el EPRE deber\u00e1 elevar un informe al Poder Ejecutivo. Luego ser\u00e1 el gobernador Rodolfo Suarios quien decida de cu\u00e1nto ser\u00e1 el ajuste, su fecha de entrada en vigencia y los tramos en los que eventualmente se aplicar\u00eda.<\/p>\n<p>Respecto a la segmentaci\u00f3n tarifaria que dise\u00f1\u00f3 el Gobierno nacional, que a\u00fan no se implement\u00f3 en Mendoza, Molina explic\u00f3 que el \u00f3rgano regulador est\u00e1 esperando <em><strong>&#8216;Algunas resoluciones de la secreter\u00eda de Energ\u00eda&#8217;<\/strong><\/em> y que prontamente dar\u00e1n a conocer los padrones para que los usuarios sepan en cu\u00e1l de las tres categor\u00edas quedaron ubicados.<\/p>\n<p><em><strong>&#8216;Hemos recibido bastante documentaci\u00f3n, estamos aguardando cu\u00e1l ser\u00e1 la v\u00eda de reclamo para los usuarios. Necesitamos que ese canal sea \u00e1gil&#8217;<\/strong><\/em>, a\u00f1adi\u00f3.<\/p>\n","protected":false},"excerpt":{"rendered":"<p>En la\u00a0audiencia p\u00fablica\u00a0realizada este jueves para debatir un\u00a0nuevo aumento en la tarifa de la luz, el Ente Provincial Regulador El\u00e9ctrico (EPRE) &#8230;<\/p>\n","protected":false},"author":7,"featured_media":12455,"comment_status":"open","ping_status":"open","sticky":false,"template":"","format":"standard","meta":{"footnotes":""},"categories":[5,10],"tags":[],"class_list":["post-113981","post","type-post","status-publish","format-standard","has-post-thumbnail","hentry","category-actualidad","category-destacadas"],"_links":{"self":[{"href":"https:\/\/vinasfm.com\/noticias\/wp-json\/wp\/v2\/posts\/113981","targetHints":{"allow":["GET"]}}],"collection":[{"href":"https:\/\/vinasfm.com\/noticias\/wp-json\/wp\/v2\/posts"}],"about":[{"href":"https:\/\/vinasfm.com\/noticias\/wp-json\/wp\/v2\/types\/post"}],"author":[{"embeddable":true,"href":"https:\/\/vinasfm.com\/noticias\/wp-json\/wp\/v2\/users\/7"}],"replies":[{"embeddable":true,"href":"https:\/\/vinasfm.com\/noticias\/wp-json\/wp\/v2\/comments?post=113981"}],"version-history":[{"count":1,"href":"https:\/\/vinasfm.com\/noticias\/wp-json\/wp\/v2\/posts\/113981\/revisions"}],"predecessor-version":[{"id":113982,"href":"https:\/\/vinasfm.com\/noticias\/wp-json\/wp\/v2\/posts\/113981\/revisions\/113982"}],"wp:featuredmedia":[{"embeddable":true,"href":"https:\/\/vinasfm.com\/noticias\/wp-json\/wp\/v2\/media\/12455"}],"wp:attachment":[{"href":"https:\/\/vinasfm.com\/noticias\/wp-json\/wp\/v2\/media?parent=113981"}],"wp:term":[{"taxonomy":"category","embeddable":true,"href":"https:\/\/vinasfm.com\/noticias\/wp-json\/wp\/v2\/categories?post=113981"},{"taxonomy":"post_tag","embeddable":true,"href":"https:\/\/vinasfm.com\/noticias\/wp-json\/wp\/v2\/tags?post=113981"}],"curies":[{"name":"wp","href":"https:\/\/api.w.org\/{rel}","templated":true}]}}