{"id":113977,"date":"2022-09-30T09:12:09","date_gmt":"2022-09-30T12:12:09","guid":{"rendered":"http:\/\/vinasfm.com\/noticias\/?p=113977"},"modified":"2022-10-03T08:51:20","modified_gmt":"2022-10-03T11:51:20","slug":"continuan-las-obras-en-el-barrio-san-carlos","status":"publish","type":"post","link":"https:\/\/vinasfm.com\/noticias\/continuan-las-obras-en-el-barrio-san-carlos\/","title":{"rendered":"CONTIN\u00daAN LAS OBRAS EN EL BARRIO SAN CARLOS"},"content":{"rendered":"<h4>Las obras en los distintos puntos del departamento contin\u00faan y es as\u00ed que en el Barrio San Carlos se est\u00e1 trabajando con el fin de beneficiar a todos los vecinos de la barriada .<\/h4>\n<p>En dialogo con F.M VI\u00d1AS, Miguel Sol\u00e1, Coordinador de la Oficina del Barrio San Carlos, expreso:<em><strong>&#8216;Hemos colocado una nueva central en el barrio, es la tercera que colocamos&#8217;. <\/strong><\/em>La central est\u00e1 colocada en la oficina del barrio y mencion\u00f3 que <strong><em>&#8216;incluir\u00e1 a todos los vecinos que quieran sumarse al sistema SAC (Sistema Alerta Comunitaria)&#8217;.\u00a0<\/em><\/strong><\/p>\n<p>Adem\u00e1s habl\u00f3 de las obras de asfaltado que continuar\u00e1n a partir de octubre, <em><strong>&#8216;a principio de a\u00f1o proyectamos, en el presupuesto, una serie de obras en donde se inclu\u00edan varios asfaltados para el barrio&#8217;.<\/strong><\/em> Las obras de la carpeta asf\u00e1ltica comenzaron en un tramo de \u00abCallej\u00f3n Portero\u00bb y \u00abArist\u00f3bulo del Valle\u00bb.<strong><em> &#8216;Ahora seguiremos por calle Alberdi hasta calle Libertad, para finalizar el circuito&#8217;.\u00a0<\/em><\/strong><\/p>\n<p><strong><em>&#8216;Lo que le pedimos a la gente es paciencia, las obras est\u00e1n llegando&#8217;<\/em> <\/strong>solicit\u00f3 Sola. A las obras de asfaltado se sumaron tareas de limpieza debido al comienzo de la temporada de riego <strong><em>&#8216;est\u00e1bamos esperado ansiosos el agua porque hemos mejorado el alumbrado p\u00fablico y todos los d\u00edas estamos realizando intensas tareas de limpieza&#8217;.\u00a0<\/em><\/strong><\/p>\n<p><em><strong>&#8216;Estamos trabajando en conjunto al Secretario de Obras p\u00fablicas&#8217;<\/strong><\/em> concluy\u00f3 el Coordinador de la Oficina del Barrio San Carlos Miguel Sola.<\/p>\n<h6>Gabriel Vallejos<\/h6>\n","protected":false},"excerpt":{"rendered":"<p>Las obras en los distintos puntos del departamento contin\u00faan y es as\u00ed que en el Barrio San Carlos se est\u00e1 trabajando &#8230;<\/p>\n","protected":false},"author":7,"featured_media":81781,"comment_status":"open","ping_status":"open","sticky":false,"template":"","format":"standard","meta":{"footnotes":""},"categories":[5,29],"tags":[],"class_list":["post-113977","post","type-post","status-publish","format-standard","has-post-thumbnail","hentry","category-actualidad","category-obras-y-servicios"],"_links":{"self":[{"href":"https:\/\/vinasfm.com\/noticias\/wp-json\/wp\/v2\/posts\/113977","targetHints":{"allow":["GET"]}}],"collection":[{"href":"https:\/\/vinasfm.com\/noticias\/wp-json\/wp\/v2\/posts"}],"about":[{"href":"https:\/\/vinasfm.com\/noticias\/wp-json\/wp\/v2\/types\/post"}],"author":[{"embeddable":true,"href":"https:\/\/vinasfm.com\/noticias\/wp-json\/wp\/v2\/users\/7"}],"replies":[{"embeddable":true,"href":"https:\/\/vinasfm.com\/noticias\/wp-json\/wp\/v2\/comments?post=113977"}],"version-history":[{"count":2,"href":"https:\/\/vinasfm.com\/noticias\/wp-json\/wp\/v2\/posts\/113977\/revisions"}],"predecessor-version":[{"id":113987,"href":"https:\/\/vinasfm.com\/noticias\/wp-json\/wp\/v2\/posts\/113977\/revisions\/113987"}],"wp:featuredmedia":[{"embeddable":true,"href":"https:\/\/vinasfm.com\/noticias\/wp-json\/wp\/v2\/media\/81781"}],"wp:attachment":[{"href":"https:\/\/vinasfm.com\/noticias\/wp-json\/wp\/v2\/media?parent=113977"}],"wp:term":[{"taxonomy":"category","embeddable":true,"href":"https:\/\/vinasfm.com\/noticias\/wp-json\/wp\/v2\/categories?post=113977"},{"taxonomy":"post_tag","embeddable":true,"href":"https:\/\/vinasfm.com\/noticias\/wp-json\/wp\/v2\/tags?post=113977"}],"curies":[{"name":"wp","href":"https:\/\/api.w.org\/{rel}","templated":true}]}}