{"id":113964,"date":"2022-09-30T09:22:09","date_gmt":"2022-09-30T12:22:09","guid":{"rendered":"http:\/\/vinasfm.com\/noticias\/?p=113964"},"modified":"2022-10-03T11:36:01","modified_gmt":"2022-10-03T14:36:01","slug":"campana-de-vacunacion-sarampion-rubiola-paperas-y-poliomielitis","status":"publish","type":"post","link":"https:\/\/vinasfm.com\/noticias\/campana-de-vacunacion-sarampion-rubiola-paperas-y-poliomielitis\/","title":{"rendered":"COMENZO LA CAMPA\u00d1A DE VACUNACI\u00d3N PARA SARAMPI\u00d3N, RUBIOLA, PAPERAS Y POLIOMIELITIS"},"content":{"rendered":"<h4>La responsable del \u00c1rea Municipio Saludable, Anal\u00eda Garc\u00eda y la Directora del Vacunatorio, Nancy Oga en dialogo con F.M VI\u00d1AS anunciaron el inicio de una nueva campa\u00f1a de vacunaci\u00f3n en el departamento.<\/h4>\n<p><em><strong>&#8216;Se va a iniciar una campa\u00f1a de vacunaci\u00f3n contra el sarampi\u00f3n, rubiola, paperas y poliomielitis&#8217; <\/strong><\/em>anunci\u00f3 Anal\u00eda Garc\u00eda, la responsable del \u00c1rea Municipio Saludable y pese a que desde hace a\u00f1os estos virus no circulan en el pa\u00eds agreg\u00f3 <em><strong>&#8216;tenemos riesgo de reintroducci\u00f3n al pa\u00eds ya que en regiones vecinas siguen la circulaci\u00f3n de dichos virus&#8217;.<\/strong><\/em><\/p>\n<p>La campa\u00f1a de vacunaci\u00f3n comenzar\u00e1 el s\u00e1bado 1 de octubre en compa\u00f1\u00eda del municipio junto al \u00e1rea sanitaria del Hospital Enfermeros Argentinos. <em><strong>&#8216;Buscamos sostener y aumentar la cobertura sanitaria que necesitamos en Argentina&#8217;.<\/strong><\/em><\/p>\n<p><em><strong>&#8216;El d\u00eda s\u00e1bado comenzar\u00e1 en la plaza departamental el primer lanzamiento de esta campa\u00f1a&#8217;<\/strong><\/em> afirm\u00f3 la Directora del Vacunatorio, Nancy Oga y sum\u00f3 <em><strong>&#8216;continuaremos en los jardines maternales, la poblaci\u00f3n objetivo es de 13 meses, 4 a\u00f1os y 29 d\u00edas&#8217;.\u00a0<\/strong><\/em>Adem\u00e1s una brigada sanitaria recorrer\u00e1 los barrios para realizar la vacunaci\u00f3n en los domicilios.<\/p>\n<p>Oga manifest\u00f3 que se insiste en la vacunaci\u00f3n porque <em><strong>&#8216;hay un 10% de la poblaci\u00f3n que no responde a la inmunizaci\u00f3n, debemos alcanzar un 95% para que las enfermedades no vuelvan al pa\u00eds&#8217;.<\/strong><\/em> En cuando a los s\u00edntomas que se presentan se encuentran <strong><em>&#8216;febr\u00edcula y dolor en el brazo como ocurre con cualquier otra vacunaci\u00f3n&#8217;.<\/em><\/strong><\/p>\n<p><em><strong>&#8216;En los infantes la vacunaci\u00f3n es obligatoria y no se necesita autorizaci\u00f3n de los padres&#8217;<\/strong><\/em> concluy\u00f3 la Directora del Vacunatorio, Nancy Oga.<\/p>\n<h6>Gabriel Vallejos<\/h6>\n","protected":false},"excerpt":{"rendered":"<p>La responsable del \u00c1rea Municipio Saludable, Anal\u00eda Garc\u00eda y la Directora del Vacunatorio, Nancy Oga en dialogo con F.M VI\u00d1AS anunciaron &#8230;<\/p>\n","protected":false},"author":7,"featured_media":34007,"comment_status":"open","ping_status":"open","sticky":false,"template":"","format":"standard","meta":{"footnotes":""},"categories":[5,15],"tags":[],"class_list":["post-113964","post","type-post","status-publish","format-standard","has-post-thumbnail","hentry","category-actualidad","category-salud"],"_links":{"self":[{"href":"https:\/\/vinasfm.com\/noticias\/wp-json\/wp\/v2\/posts\/113964","targetHints":{"allow":["GET"]}}],"collection":[{"href":"https:\/\/vinasfm.com\/noticias\/wp-json\/wp\/v2\/posts"}],"about":[{"href":"https:\/\/vinasfm.com\/noticias\/wp-json\/wp\/v2\/types\/post"}],"author":[{"embeddable":true,"href":"https:\/\/vinasfm.com\/noticias\/wp-json\/wp\/v2\/users\/7"}],"replies":[{"embeddable":true,"href":"https:\/\/vinasfm.com\/noticias\/wp-json\/wp\/v2\/comments?post=113964"}],"version-history":[{"count":4,"href":"https:\/\/vinasfm.com\/noticias\/wp-json\/wp\/v2\/posts\/113964\/revisions"}],"predecessor-version":[{"id":114092,"href":"https:\/\/vinasfm.com\/noticias\/wp-json\/wp\/v2\/posts\/113964\/revisions\/114092"}],"wp:featuredmedia":[{"embeddable":true,"href":"https:\/\/vinasfm.com\/noticias\/wp-json\/wp\/v2\/media\/34007"}],"wp:attachment":[{"href":"https:\/\/vinasfm.com\/noticias\/wp-json\/wp\/v2\/media?parent=113964"}],"wp:term":[{"taxonomy":"category","embeddable":true,"href":"https:\/\/vinasfm.com\/noticias\/wp-json\/wp\/v2\/categories?post=113964"},{"taxonomy":"post_tag","embeddable":true,"href":"https:\/\/vinasfm.com\/noticias\/wp-json\/wp\/v2\/tags?post=113964"}],"curies":[{"name":"wp","href":"https:\/\/api.w.org\/{rel}","templated":true}]}}