{"id":113952,"date":"2022-09-29T00:27:20","date_gmt":"2022-09-29T03:27:20","guid":{"rendered":"http:\/\/vinasfm.com\/noticias\/?p=113952"},"modified":"2022-09-30T09:25:49","modified_gmt":"2022-09-30T12:25:49","slug":"se-debate-el-nuevo-aumento-en-la-tarifa-de-la-luz","status":"publish","type":"post","link":"https:\/\/vinasfm.com\/noticias\/se-debate-el-nuevo-aumento-en-la-tarifa-de-la-luz\/","title":{"rendered":"SE DEBATE EL NUEVO AUMENTO EN LA TARIFA DE LA LUZ"},"content":{"rendered":"<h4><span style=\"color: #000000;\">Este jueves se realizar\u00e1 la audiencia p\u00fablica para\u00a0<strong>debatir un nuevo aumento en la tarifa de la luz<\/strong>. Las distribuidoras solicitan un incremento del Valor Agregado de Distribuci\u00f3n (VAD) de entre el 31,9% y el 34,2%, mientras que el Ente Provincial Regulador El\u00e9ctrico (EPRE) sugiere un alza de ese \u00edtem del 25%.<\/span><\/h4>\n<p><span style=\"color: #000000;\">El VAD es el \u00fanico componente local de la tarifa del servicio el\u00e9ctrico que define el gobierno provincial. Los otros dos \u00edtems son de car\u00e1cter nacional e impuestos.<\/span><\/p>\n<p><span style=\"color: #000000;\">La audiencia convocada por el EPRE\u00a0<strong>no es vinculante<\/strong>.<strong>\u00a0<\/strong>Es decir que luego el gobernador Rodolfo Suarez determinar\u00e1 de cu\u00e1nto ser\u00e1 el ajuste y cu\u00e1ndo se implementar\u00e1.<\/span><\/p>\n<p><span style=\"color: #000000;\">El encuentro se realizar\u00e1 de\u00a0forma presencial en el espacio Cultural Julio Le Parc, de Guaymall\u00e9n, y de manera remota, a trav\u00e9s de la plataforma Zoom, a las 9.30. Tanto las compa\u00f1\u00edas como el organismo presentar\u00e1n sus estudios de costos y las estimaciones del nivel de incremento necesario para sostener el sistema.<\/span><\/p>\n<p><span style=\"color: #000000;\">Las empresas pidieron una suba de entre el 31,9% y el 34,2%,\u00a0<strong>lo que tendr\u00eda\u00a0un impacto promedio de 19%\u00a0para los usuarios.<\/strong>\u00a0Pero si se tienen en cuenta \u201cOtros Costos solicitados\u201d, el aumento medio ser\u00eda del 34,6%, seg\u00fan indic\u00f3 el EPRE.<\/span><\/p>\n<p><span style=\"color: #000000;\">El \u00f3rgano, por su parte, solicitar\u00e1 que el nuevo valor del VAD ronde el 25%,<strong>\u00a0lo que en las facturas significar\u00eda un 8%.<\/strong><\/span><\/p>\n<p><span style=\"color: #000000;\">Asimismo, las distribuidoras quieren que en las boletas se incluya un\u00a0\u00edtem por vandalismo, debido a los robos sufridos en los \u00faltimos a\u00f1os,\u00a0y\u00a0que\u00a0se agregue\u00a0una tarifa para \u00abusuarios generadores\u00bb.<\/span><\/p>\n<p><span style=\"color: #000000;\">Las empresas tambi\u00e9n pretenden que se modifique la\u00a0periodicidad de los aumentos, pasando de una modalidad semestral a una trimestral.<\/span><\/p>\n","protected":false},"excerpt":{"rendered":"<p>Este jueves se realizar\u00e1 la audiencia p\u00fablica para\u00a0debatir un nuevo aumento en la tarifa de la luz. Las distribuidoras solicitan un &#8230;<\/p>\n","protected":false},"author":7,"featured_media":54810,"comment_status":"open","ping_status":"open","sticky":false,"template":"","format":"standard","meta":{"footnotes":""},"categories":[5,10],"tags":[],"class_list":["post-113952","post","type-post","status-publish","format-standard","has-post-thumbnail","hentry","category-actualidad","category-destacadas"],"_links":{"self":[{"href":"https:\/\/vinasfm.com\/noticias\/wp-json\/wp\/v2\/posts\/113952","targetHints":{"allow":["GET"]}}],"collection":[{"href":"https:\/\/vinasfm.com\/noticias\/wp-json\/wp\/v2\/posts"}],"about":[{"href":"https:\/\/vinasfm.com\/noticias\/wp-json\/wp\/v2\/types\/post"}],"author":[{"embeddable":true,"href":"https:\/\/vinasfm.com\/noticias\/wp-json\/wp\/v2\/users\/7"}],"replies":[{"embeddable":true,"href":"https:\/\/vinasfm.com\/noticias\/wp-json\/wp\/v2\/comments?post=113952"}],"version-history":[{"count":1,"href":"https:\/\/vinasfm.com\/noticias\/wp-json\/wp\/v2\/posts\/113952\/revisions"}],"predecessor-version":[{"id":113953,"href":"https:\/\/vinasfm.com\/noticias\/wp-json\/wp\/v2\/posts\/113952\/revisions\/113953"}],"wp:featuredmedia":[{"embeddable":true,"href":"https:\/\/vinasfm.com\/noticias\/wp-json\/wp\/v2\/media\/54810"}],"wp:attachment":[{"href":"https:\/\/vinasfm.com\/noticias\/wp-json\/wp\/v2\/media?parent=113952"}],"wp:term":[{"taxonomy":"category","embeddable":true,"href":"https:\/\/vinasfm.com\/noticias\/wp-json\/wp\/v2\/categories?post=113952"},{"taxonomy":"post_tag","embeddable":true,"href":"https:\/\/vinasfm.com\/noticias\/wp-json\/wp\/v2\/tags?post=113952"}],"curies":[{"name":"wp","href":"https:\/\/api.w.org\/{rel}","templated":true}]}}