{"id":113911,"date":"2022-09-29T10:59:46","date_gmt":"2022-09-29T13:59:46","guid":{"rendered":"http:\/\/vinasfm.com\/noticias\/?p=113911"},"modified":"2022-10-01T10:44:07","modified_gmt":"2022-10-01T13:44:07","slug":"el-evento-literario-jarilla-y-salitre-se-llevara-a-cabo-el-proximo-domingo-en-nuestro-departamento","status":"publish","type":"post","link":"https:\/\/vinasfm.com\/noticias\/el-evento-literario-jarilla-y-salitre-se-llevara-a-cabo-el-proximo-domingo-en-nuestro-departamento\/","title":{"rendered":"EL EVENTO LITERARIO JARILLA Y SALITRE SE LLEVAR\u00c1 A CABO EL PR\u00d3XIMO DOMINGO EN NUESTRO DEPARTAMENTO"},"content":{"rendered":"<h4><span style=\"color: #000000;\">La Presidenta de la Sociedad Argentina de escritores filial General Alvear, Valeria G\u00f3mez y la escritora Isabel Nieto, invitan a todo el departamento a participar del evento literario \u00abJarilla y Salitre\u00bb e incentivan a la escritura literaria.<\/span><\/h4>\n<p><span style=\"color: #000000;\">El domingo 2 de octubre se celebrar\u00e1 el el evento literario Jarilla y Salitre 2022 en las instalaciones de la Sociedad Espa\u00f1ola (AV. Alvear Este 58), as\u00ed lo anunci\u00f3 la Presidenta de la Sociedad Argentina de Escritores, filial Gral. Alvear, Valeria G\u00f3mez. &#8216;<em><strong>Ser\u00e1 un evento a dedicado a celebrar a las letras y a las escritoras y los escritores mendocinos&#8217;, <\/strong><\/em>mencion\u00f3 G\u00f3mez.<\/span><\/p>\n<p><span style=\"color: #000000;\">Adem\u00e1s, en el evento se realizar\u00e1 la entrega de los premios SADE a distintas personalidades alvearenses, la premiaci\u00f3n por el concurso literario &#8216;D\u00eda del Escritor&#8217; y se sumar\u00e1n diversos n\u00fameros art\u00edsticos y exhibiciones. La Sociedad Argentina de Escritores (SADE) reconocer\u00e1 a diferentes personalidades destacadas en la escritura, el deporte, actividad social, m\u00fasica y otras disciplinas.<em><strong> &#8216;SADE viene realizando una variedad de actividades que se van concretando poco a poco&#8217;, <\/strong><\/em>manifest\u00f3 la presidenta de SADE General Alvear.<\/span><\/p>\n<p><span style=\"color: #000000;\">Por otro lado, la escritora Isabel coment\u00f3 detalles de su experiencia dentro de SADE e invit\u00f3 a todos a formar parte del mundo literario, &#8216;<strong><em>hay que animarse e interactuar; es una alegr\u00eda muy grande y una satisfacci\u00f3n personal&#8217;. <\/em><\/strong>Su primer libro fue editado en 2015 y ha participado en distintas actividades incluyendo la Feria Internacional del Libro, en Mendoza.<\/span><\/p>\n<p><span style=\"color: #000000;\"><em><strong>&#8216;En SADE tenemos espacio para todos los que quieran integrarse, nuestro deseo es incorporar nuevos j\u00f3venes&#8217;, <\/strong><\/em>declara la escritora alvearense.<\/span><\/p>\n<p><span style=\"color: #000000;\">Junto a Jarilla y Salitre, el evento Cuentos de Fog\u00f3n, que se realiza en el marco de la Feria de la Ganader\u00eda, son los dos eventos m\u00e1s importantes que realiza la Sociedad Argentina de Escritores filial General Alvear.<\/span><\/p>\n<h6><span style=\"color: #000000;\">Gabriel Vallejos.<\/span><\/h6>\n","protected":false},"excerpt":{"rendered":"<p>La Presidenta de la Sociedad Argentina de escritores filial General Alvear, Valeria G\u00f3mez y la escritora Isabel Nieto, invitan a todo &#8230;<\/p>\n","protected":false},"author":7,"featured_media":10370,"comment_status":"open","ping_status":"open","sticky":false,"template":"","format":"standard","meta":{"footnotes":""},"categories":[5,19],"tags":[],"class_list":["post-113911","post","type-post","status-publish","format-standard","has-post-thumbnail","hentry","category-actualidad","category-cultura"],"_links":{"self":[{"href":"https:\/\/vinasfm.com\/noticias\/wp-json\/wp\/v2\/posts\/113911","targetHints":{"allow":["GET"]}}],"collection":[{"href":"https:\/\/vinasfm.com\/noticias\/wp-json\/wp\/v2\/posts"}],"about":[{"href":"https:\/\/vinasfm.com\/noticias\/wp-json\/wp\/v2\/types\/post"}],"author":[{"embeddable":true,"href":"https:\/\/vinasfm.com\/noticias\/wp-json\/wp\/v2\/users\/7"}],"replies":[{"embeddable":true,"href":"https:\/\/vinasfm.com\/noticias\/wp-json\/wp\/v2\/comments?post=113911"}],"version-history":[{"count":5,"href":"https:\/\/vinasfm.com\/noticias\/wp-json\/wp\/v2\/posts\/113911\/revisions"}],"predecessor-version":[{"id":114014,"href":"https:\/\/vinasfm.com\/noticias\/wp-json\/wp\/v2\/posts\/113911\/revisions\/114014"}],"wp:featuredmedia":[{"embeddable":true,"href":"https:\/\/vinasfm.com\/noticias\/wp-json\/wp\/v2\/media\/10370"}],"wp:attachment":[{"href":"https:\/\/vinasfm.com\/noticias\/wp-json\/wp\/v2\/media?parent=113911"}],"wp:term":[{"taxonomy":"category","embeddable":true,"href":"https:\/\/vinasfm.com\/noticias\/wp-json\/wp\/v2\/categories?post=113911"},{"taxonomy":"post_tag","embeddable":true,"href":"https:\/\/vinasfm.com\/noticias\/wp-json\/wp\/v2\/tags?post=113911"}],"curies":[{"name":"wp","href":"https:\/\/api.w.org\/{rel}","templated":true}]}}