{"id":113876,"date":"2022-09-28T11:16:43","date_gmt":"2022-09-28T14:16:43","guid":{"rendered":"http:\/\/vinasfm.com\/noticias\/?p=113876"},"modified":"2022-09-29T10:23:45","modified_gmt":"2022-09-29T13:23:45","slug":"general-alvear-participara-en-la-feria-internacional-del-turismo","status":"publish","type":"post","link":"https:\/\/vinasfm.com\/noticias\/general-alvear-participara-en-la-feria-internacional-del-turismo\/","title":{"rendered":"GENERAL ALVEAR PARTICIPAR\u00c1 EN LA FERIA INTERNACIONAL DEL TURISMO"},"content":{"rendered":"<h4><span style=\"color: #000000;\">En el marco del d\u00eda del turismo Fabiana Gonz\u00e1les, Carlos Weiner y Adri\u00e1n Rossi hablaron de la participaci\u00f3n de General Alvear en la Feria Internacional del Turismo y la posici\u00f3n del departamento en la provincia.<\/span><\/h4>\n<p><span style=\"color: #000000;\"><strong><em>&#8216;Estamos felices de poder compartir e invitar a todos el d\u00eda 5 de octubre a la Feria Internacional del Turismo&#8217;,<\/em><\/strong>\u00a0a\u00f1adi\u00f3 la Directora de Turismo Fabiana Gonz\u00e1les. Por primera vez, la direcci\u00f3n de turismo tendr\u00e1 una movilidad propia para poder llegar a todo el pa\u00eds promoviendo el turismo departamental. La Feria Internacional de Turismo se llevar\u00e1 a cabo desde el 1 hasta el 5 de octubre.<\/span><\/p>\n<p><span style=\"color: #000000;\">Adem\u00e1s en la jornada de la FIT se otorgar\u00e1 al sector privado el estudio del mercado que fue financiado por el Plan Promover con fondos de la naci\u00f3n. &#8216;<em><strong>Por seis meses, la Universidad Nacional de Cuyo, trabaj\u00f3 con el sector para poder otorgar el material que servir\u00e1 como herramienta para trabajar a corto y mediano plazo&#8217;, E<\/strong><\/em>l estudio se pudo realizar gracias al compromiso de todos los prestadores del turismo.<\/span><\/p>\n<p><span style=\"color: #000000;\">Carlos Weiner, Director de la C\u00e1mara de Turismos, habl\u00f3 de los preparativos del municipio para su participaci\u00f3n en la FIT, &#8216;D<em><strong>esde las instituciones privadas venimos trabajado junto con el municipio y vamos a asistir para promocionar a General Alvear y todos los beneficios y atractivos que presenta&#8217;.\u00a0 <\/strong><\/em>El sur de Mendoza tiene una lugar privilegiado en la feria que se logr\u00f3 con el esfuerzo y a\u00f1os de presencia.<\/span><\/p>\n<p><span style=\"color: #000000;\">El Presidente de la Espec\u00edfica de Turismo, Adri\u00e1n Rossi mencion\u00f3 los emprendimientos que acompa\u00f1aran al municipio en la Feria Internacional de Turismo,<em><strong> &#8216;junto a las dos C\u00e1maras se presentaran productores de vinos, aceites de oliva, frutos secos, la idea es llegar a Buenos Aires para que se conozca todo lo que se produce en el sur mendocino&#8217;.<\/strong><\/em><\/span><\/p>\n<h6>Gabriel Vallejos.<\/h6>\n","protected":false},"excerpt":{"rendered":"<p>En el marco del d\u00eda del turismo Fabiana Gonz\u00e1les, Carlos Weiner y Adri\u00e1n Rossi hablaron de la participaci\u00f3n de General Alvear &#8230;<\/p>\n","protected":false},"author":7,"featured_media":113888,"comment_status":"open","ping_status":"open","sticky":false,"template":"","format":"standard","meta":{"footnotes":""},"categories":[5,10],"tags":[],"class_list":["post-113876","post","type-post","status-publish","format-standard","has-post-thumbnail","hentry","category-actualidad","category-destacadas"],"_links":{"self":[{"href":"https:\/\/vinasfm.com\/noticias\/wp-json\/wp\/v2\/posts\/113876","targetHints":{"allow":["GET"]}}],"collection":[{"href":"https:\/\/vinasfm.com\/noticias\/wp-json\/wp\/v2\/posts"}],"about":[{"href":"https:\/\/vinasfm.com\/noticias\/wp-json\/wp\/v2\/types\/post"}],"author":[{"embeddable":true,"href":"https:\/\/vinasfm.com\/noticias\/wp-json\/wp\/v2\/users\/7"}],"replies":[{"embeddable":true,"href":"https:\/\/vinasfm.com\/noticias\/wp-json\/wp\/v2\/comments?post=113876"}],"version-history":[{"count":6,"href":"https:\/\/vinasfm.com\/noticias\/wp-json\/wp\/v2\/posts\/113876\/revisions"}],"predecessor-version":[{"id":113895,"href":"https:\/\/vinasfm.com\/noticias\/wp-json\/wp\/v2\/posts\/113876\/revisions\/113895"}],"wp:featuredmedia":[{"embeddable":true,"href":"https:\/\/vinasfm.com\/noticias\/wp-json\/wp\/v2\/media\/113888"}],"wp:attachment":[{"href":"https:\/\/vinasfm.com\/noticias\/wp-json\/wp\/v2\/media?parent=113876"}],"wp:term":[{"taxonomy":"category","embeddable":true,"href":"https:\/\/vinasfm.com\/noticias\/wp-json\/wp\/v2\/categories?post=113876"},{"taxonomy":"post_tag","embeddable":true,"href":"https:\/\/vinasfm.com\/noticias\/wp-json\/wp\/v2\/tags?post=113876"}],"curies":[{"name":"wp","href":"https:\/\/api.w.org\/{rel}","templated":true}]}}