{"id":113546,"date":"2022-09-20T23:59:41","date_gmt":"2022-09-21T02:59:41","guid":{"rendered":"http:\/\/vinasfm.com\/noticias\/?p=113546"},"modified":"2022-09-22T10:45:43","modified_gmt":"2022-09-22T13:45:43","slug":"se-jugo-una-nueva-fecha-de-voley-en-el-polideportivo-cubierto","status":"publish","type":"post","link":"https:\/\/vinasfm.com\/noticias\/se-jugo-una-nueva-fecha-de-voley-en-el-polideportivo-cubierto\/","title":{"rendered":"SE JUG\u00d3 UNA NUEVA FECHA DE VOLEY EN EL POLIDEPORTIVO CUBIERTO"},"content":{"rendered":"<h4><span style=\"color: #000000;\"><strong>Este lunes por la noche se llev\u00f3 a cabo una nueva fecha de la Liga Municipal de Voley en el Polideportivo Deportistas Alvearenses con la participaci\u00f3n de una buena cantidad de equipos femeninos y masculinos.<\/strong><\/span><\/h4>\n<p><span style=\"color: #000000;\"><span style=\"color: #000000;\">Luego de los encuentros en di\u00e1logo con <em>F.M VI\u00d1AS<\/em> habl\u00f3 Julio Guerini (Entrenador): <\/span><em><b style=\"color: #000000;\">&#8216;Acabamos de jugar con los chicos del sub 17 de la rama masculina tambi\u00e9n tenemos equipos femeninos sub 15, sub 17 y dos equipos de primera y un equipo de primera masculino, estamos compitiendo con todo ahora en simalu se form\u00f3 un proyecto de <\/b><span style=\"color: #000000;\"><b>v\u00f3ley<\/b><\/span><b style=\"color: #000000;\"> muy bueno&#8217;.<\/b><\/em><\/span><\/p>\n<p><span style=\"color: #000000;\">De este mismo modo destac\u00f3 la gran participaci\u00f3n de equipos alvearenses en la liga: <em><strong>&#8216;Esta muy buena la liga incluso se tuvieron que agregar d\u00edas de juego ya que hay muchos equipos, esto es muy positivo para el departamento y para los chicos&#8217;\u00a0<\/strong><\/em><\/span><\/p>\n<p><span style=\"color: #000000;\">Por otro lado tambi\u00e9n habl\u00f3 el entrenador Mario Bernal: <em><strong>&#8216;Estamos en colaboraci\u00f3n con el colegio Santo Tom\u00e1s Moro tenemos sub 15 y sub 17 en ambas ramas, han aumentado muchos los equipos antes eran muy pocos y ahora en la actualidad son alrededor de 20 equipos que hacen muy bien al crecimiento del deporte en el departamento, adem\u00e1s la escuela esta participando de la Liga Sure\u00f1a&#8217;, <\/strong><\/em>a\u00f1adi\u00f3.<\/span><\/p>\n<h6><span style=\"color: #000000;\"><strong>Ludmila Lucero<\/strong><\/span><\/h6>\n","protected":false},"excerpt":{"rendered":"<p>Este lunes por la noche se llev\u00f3 a cabo una nueva fecha de la Liga Municipal de Voley en el Polideportivo &#8230;<\/p>\n","protected":false},"author":7,"featured_media":113547,"comment_status":"open","ping_status":"open","sticky":false,"template":"","format":"standard","meta":{"footnotes":""},"categories":[5,3],"tags":[],"class_list":["post-113546","post","type-post","status-publish","format-standard","has-post-thumbnail","hentry","category-actualidad","category-deportes"],"_links":{"self":[{"href":"https:\/\/vinasfm.com\/noticias\/wp-json\/wp\/v2\/posts\/113546","targetHints":{"allow":["GET"]}}],"collection":[{"href":"https:\/\/vinasfm.com\/noticias\/wp-json\/wp\/v2\/posts"}],"about":[{"href":"https:\/\/vinasfm.com\/noticias\/wp-json\/wp\/v2\/types\/post"}],"author":[{"embeddable":true,"href":"https:\/\/vinasfm.com\/noticias\/wp-json\/wp\/v2\/users\/7"}],"replies":[{"embeddable":true,"href":"https:\/\/vinasfm.com\/noticias\/wp-json\/wp\/v2\/comments?post=113546"}],"version-history":[{"count":2,"href":"https:\/\/vinasfm.com\/noticias\/wp-json\/wp\/v2\/posts\/113546\/revisions"}],"predecessor-version":[{"id":113570,"href":"https:\/\/vinasfm.com\/noticias\/wp-json\/wp\/v2\/posts\/113546\/revisions\/113570"}],"wp:featuredmedia":[{"embeddable":true,"href":"https:\/\/vinasfm.com\/noticias\/wp-json\/wp\/v2\/media\/113547"}],"wp:attachment":[{"href":"https:\/\/vinasfm.com\/noticias\/wp-json\/wp\/v2\/media?parent=113546"}],"wp:term":[{"taxonomy":"category","embeddable":true,"href":"https:\/\/vinasfm.com\/noticias\/wp-json\/wp\/v2\/categories?post=113546"},{"taxonomy":"post_tag","embeddable":true,"href":"https:\/\/vinasfm.com\/noticias\/wp-json\/wp\/v2\/tags?post=113546"}],"curies":[{"name":"wp","href":"https:\/\/api.w.org\/{rel}","templated":true}]}}