{"id":113260,"date":"2022-09-14T23:00:54","date_gmt":"2022-09-15T02:00:54","guid":{"rendered":"http:\/\/vinasfm.com\/noticias\/?p=113260"},"modified":"2022-09-15T10:23:42","modified_gmt":"2022-09-15T13:23:42","slug":"se-realizo-en-malargue-el-1o-encuentro-regional-de-concejales-del-sur-mendocino","status":"publish","type":"post","link":"https:\/\/vinasfm.com\/noticias\/se-realizo-en-malargue-el-1o-encuentro-regional-de-concejales-del-sur-mendocino\/","title":{"rendered":"SE REALIZ\u00d3 EN MALARG\u00dcE EL 1\u00ba ENCUENTRO REGIONAL DE CONCEJALES DEL SUR MENDOCINO"},"content":{"rendered":"<h4><span style=\"color: #000000;\"><strong>El pasado viernes se realiz\u00f3 el 1\u00ba Encuentro Regional de Concejales del Sur Mendocino, con concejales de San Rafael, Malarg\u00fce y General Alvear, armando una agendar a desarrollar consensos y acuerdos prioritarios para el Sur Mendocino.\u00a0<\/strong><\/span><\/h4>\n<p><span style=\"color: #000000;\">En este primer encuentro realizado se hicieron presentes todos los concejales de Malarg\u00fce, parte de los concejales de San Rafael y por parte de nuestro departamento se pudieron acercar la concejal por el FdT Hebe Katzer y por el Partido Federal Raquel Yunes, con la finalidad de trabajar mancomunadamente entre los tres departamentos. En <strong>di\u00e1logo con F.M. VI\u00d1AS, la concejal Raquel Yunes, manifest\u00f3<\/strong>:<strong><em> &#8216;La idea inicial fue bueno conocernos, encontrarnos y acercarnos porque nos ve\u00edamos muy distanciados que no es bueno para el sur, la primer premisa era acercarnos&#8217;.<\/em><\/strong><\/span><\/p>\n<p><span style=\"color: #000000;\">Se trabaja en agenda los temas que son prioridad para el sur de la provincia como lo es Portezuelo del Viento, se han establecido para continuar dos temas que involucran y son de total importancia para los tres departamentos, <em><strong>&#8216;los temas que quedaron como comunes a todos y prioritarios; en primer lugar, la legitividad de los fondos, es decir que el dinero quede si o si en el sur y el segundo garantizar el recurso h\u00eddrico para el sur mendocino&#8217;<\/strong><\/em>, agreg\u00f3.\u00a0<\/span><\/p>\n<p><span style=\"color: #000000;\"><em><strong>&#8216;Todos tiramos para el mismo lado y es lo m\u00e1s beneficiario para los tres departamentos ver que trabajamos unidos, si desde la parte ejecutiva no se puede llegar, vamos nosotros como parte legislativo y vamos a convocar a los legisladores del cuarto distrito es importante tener su apoyo en la capital&#8217;<\/strong><\/em>, remarc\u00f3 la edil.<\/span><\/p>\n<p><span style=\"color: #000000;\">La pr\u00f3xima reuni\u00f3n ser\u00e1 en nuestro departamento el<strong> d\u00eda 30 de septiembre de 10 a 12h<\/strong> y luego se har\u00e1 una <strong>pr\u00f3xima reuni\u00f3n en San Rafael.<\/strong><\/span><\/p>\n","protected":false},"excerpt":{"rendered":"<p>El pasado viernes se realiz\u00f3 el 1\u00ba Encuentro Regional de Concejales del Sur Mendocino, con concejales de San Rafael, Malarg\u00fce y &#8230;<\/p>\n","protected":false},"author":7,"featured_media":113272,"comment_status":"open","ping_status":"open","sticky":false,"template":"","format":"standard","meta":{"footnotes":""},"categories":[5,10],"tags":[],"class_list":["post-113260","post","type-post","status-publish","format-standard","has-post-thumbnail","hentry","category-actualidad","category-destacadas"],"_links":{"self":[{"href":"https:\/\/vinasfm.com\/noticias\/wp-json\/wp\/v2\/posts\/113260","targetHints":{"allow":["GET"]}}],"collection":[{"href":"https:\/\/vinasfm.com\/noticias\/wp-json\/wp\/v2\/posts"}],"about":[{"href":"https:\/\/vinasfm.com\/noticias\/wp-json\/wp\/v2\/types\/post"}],"author":[{"embeddable":true,"href":"https:\/\/vinasfm.com\/noticias\/wp-json\/wp\/v2\/users\/7"}],"replies":[{"embeddable":true,"href":"https:\/\/vinasfm.com\/noticias\/wp-json\/wp\/v2\/comments?post=113260"}],"version-history":[{"count":3,"href":"https:\/\/vinasfm.com\/noticias\/wp-json\/wp\/v2\/posts\/113260\/revisions"}],"predecessor-version":[{"id":113292,"href":"https:\/\/vinasfm.com\/noticias\/wp-json\/wp\/v2\/posts\/113260\/revisions\/113292"}],"wp:featuredmedia":[{"embeddable":true,"href":"https:\/\/vinasfm.com\/noticias\/wp-json\/wp\/v2\/media\/113272"}],"wp:attachment":[{"href":"https:\/\/vinasfm.com\/noticias\/wp-json\/wp\/v2\/media?parent=113260"}],"wp:term":[{"taxonomy":"category","embeddable":true,"href":"https:\/\/vinasfm.com\/noticias\/wp-json\/wp\/v2\/categories?post=113260"},{"taxonomy":"post_tag","embeddable":true,"href":"https:\/\/vinasfm.com\/noticias\/wp-json\/wp\/v2\/tags?post=113260"}],"curies":[{"name":"wp","href":"https:\/\/api.w.org\/{rel}","templated":true}]}}