{"id":113259,"date":"2022-09-13T10:04:34","date_gmt":"2022-09-13T13:04:34","guid":{"rendered":"http:\/\/vinasfm.com\/noticias\/?p=113259"},"modified":"2022-09-14T10:26:05","modified_gmt":"2022-09-14T13:26:05","slug":"no-encuentran-paz-la-pampa-presento-su-primer-reclamo-para-tratar-de-bloquear-el-proyecto-el-baqueano","status":"publish","type":"post","link":"https:\/\/vinasfm.com\/noticias\/no-encuentran-paz-la-pampa-presento-su-primer-reclamo-para-tratar-de-bloquear-el-proyecto-el-baqueano\/","title":{"rendered":"NO ENCUENTRAN PAZ: LA PAMPA PRESENT\u00d3 SU PRIMER RECLAMO PARA TRATAR DE BLOQUEAR EL PROYECTO EL BAQUEANO"},"content":{"rendered":"<h4><span style=\"color: #000000;\"><strong>As\u00ed como lo ven\u00edan anunciando, desde el gobierno de La Pampa empezaron a tomar acciones para tratar de bloquear la construcci\u00f3n de la presa El Baqueano en San Rafael.\u00a0<\/strong><\/span><\/h4>\n<p><span style=\"color: #000000;\">Tras el anuncio del gobierno mendocino de encarar la obra, los pampeanos redoblaron la apuesta y \u2013as\u00ed como hicieron con Portezuelo del Viento- apuntan a frenar la misma argumentando que el R\u00edo Diamante forma parte de la cuenca del R\u00edo Desaguadero, que es interprovincial.<\/span><\/p>\n<p><span class=\"sigijh_hlt sigijh_animateMe\" style=\"color: #000000;\">El planteo se llev\u00f3 a cabo en la comisi\u00f3n que hace el seguimiento al estudio que desarrolla el Estado nacional en la cuenca del r\u00edo Desaguadero-Salado-Chadileuv\u00fa-Curac\u00f3. All\u00ed participaron representantes de diferentes provincias<\/span><\/p>\n<p><span style=\"color: #000000;\">Desde el diario La Arena de la vecina provincia confirmaron que en el encuentro comenzaron las presentaciones de La Pampa contra el nuevo proyecto que plantea un dique entre Agua del Toro y Los Reyunos.<\/span><\/p>\n<p><span style=\"color: #000000;\"><em><strong>\u201cDesde La Pampa, adem\u00e1s, se llev\u00f3 a la mesa de trabajo el reclamo sobre el proyecto de El Baqueano, recientemente anunciado por el gobernador de Mendoza, Rodolfo Su\u00e1rez, en reemplazo de Portezuelo del Viento. Se solicit\u00f3 que aquella provincia informe en este \u00e1mbito el estado actual del proyecto y sus respectivas aprobaciones ambientales regionales\u201d<\/strong><\/em>, explican desde el peri\u00f3dico.<\/span><\/p>\n<p><span style=\"color: #000000;\">En este sentido, agregan que<em><strong> \u201cEn el mismo estudio integral de toda la cuenca del Desaguadero-Salado-Chadileuv\u00fa-Curac\u00f3 se hacen afirmaciones como: Entre las presas de embalse en proyecto o en ejecuci\u00f3n se encuentran obras de gran envergadura y que han estado en carpeta durante d\u00e9cadas (El Baqueano data de la d\u00e9cada del \u201980) por lo que algunas de ellas requieren de una actualizaci\u00f3n para verificar su viabilidad desde el punto de vista econ\u00f3mico y ambiental\u00bb.<\/strong><\/em><\/span><\/p>\n<p>&nbsp;<\/p>\n","protected":false},"excerpt":{"rendered":"<p>As\u00ed como lo ven\u00edan anunciando, desde el gobierno de La Pampa empezaron a tomar acciones para tratar de bloquear la construcci\u00f3n &#8230;<\/p>\n","protected":false},"author":7,"featured_media":113262,"comment_status":"open","ping_status":"open","sticky":false,"template":"","format":"standard","meta":{"footnotes":""},"categories":[5,10],"tags":[],"class_list":["post-113259","post","type-post","status-publish","format-standard","has-post-thumbnail","hentry","category-actualidad","category-destacadas"],"_links":{"self":[{"href":"https:\/\/vinasfm.com\/noticias\/wp-json\/wp\/v2\/posts\/113259","targetHints":{"allow":["GET"]}}],"collection":[{"href":"https:\/\/vinasfm.com\/noticias\/wp-json\/wp\/v2\/posts"}],"about":[{"href":"https:\/\/vinasfm.com\/noticias\/wp-json\/wp\/v2\/types\/post"}],"author":[{"embeddable":true,"href":"https:\/\/vinasfm.com\/noticias\/wp-json\/wp\/v2\/users\/7"}],"replies":[{"embeddable":true,"href":"https:\/\/vinasfm.com\/noticias\/wp-json\/wp\/v2\/comments?post=113259"}],"version-history":[{"count":2,"href":"https:\/\/vinasfm.com\/noticias\/wp-json\/wp\/v2\/posts\/113259\/revisions"}],"predecessor-version":[{"id":113318,"href":"https:\/\/vinasfm.com\/noticias\/wp-json\/wp\/v2\/posts\/113259\/revisions\/113318"}],"wp:featuredmedia":[{"embeddable":true,"href":"https:\/\/vinasfm.com\/noticias\/wp-json\/wp\/v2\/media\/113262"}],"wp:attachment":[{"href":"https:\/\/vinasfm.com\/noticias\/wp-json\/wp\/v2\/media?parent=113259"}],"wp:term":[{"taxonomy":"category","embeddable":true,"href":"https:\/\/vinasfm.com\/noticias\/wp-json\/wp\/v2\/categories?post=113259"},{"taxonomy":"post_tag","embeddable":true,"href":"https:\/\/vinasfm.com\/noticias\/wp-json\/wp\/v2\/tags?post=113259"}],"curies":[{"name":"wp","href":"https:\/\/api.w.org\/{rel}","templated":true}]}}