{"id":113245,"date":"2022-09-13T20:49:08","date_gmt":"2022-09-13T23:49:08","guid":{"rendered":"http:\/\/vinasfm.com\/noticias\/?p=113245"},"modified":"2022-09-14T08:41:32","modified_gmt":"2022-09-14T11:41:32","slug":"camioneta-impacto-de-atras-a-un-ciclista-en-avenida-alvear-oeste","status":"publish","type":"post","link":"https:\/\/vinasfm.com\/noticias\/camioneta-impacto-de-atras-a-un-ciclista-en-avenida-alvear-oeste\/","title":{"rendered":"CAMIONETA IMPACT\u00d3 DE ATR\u00c1S A UN CICLISTA EN AVENIDA ALVEAR OESTE"},"content":{"rendered":"<h4><span style=\"color: #000000;\"><strong>En horas de la tarde de este lunes, se produjo un siniestro vial en pleno centro de Ciudad entre una camioneta y una bicicleta guiada por un hombre mayor de edad, quien termin\u00f3 lesionado a ra\u00edz del impacto.<\/strong><\/span><\/h4>\n<p><span style=\"color: #000000;\">De acuerdo a la informaci\u00f3n oficial suministrada a <strong><em>F.M. Vi\u00f1as<\/em><\/strong>, ambas movilidades <strong>circulaban en la misma direcci\u00f3n por Avenida Alvear Oeste<\/strong> y entre calles 26 de Julio e Ingeniero Lange la<strong> camioneta marca Toyota SW4<\/strong> colision\u00f3 al rodado menor.<\/span><\/p>\n<p><span style=\"color: #000000;\">Seg\u00fan testigos del accidente vial, el ciclista (68) &#8216;<strong><em>se cruz\u00f3 al carril por donde se desplazaba la camioneta&#8217;<\/em><\/strong>, cuyo conductor (45) no alcanz\u00f3 a frenar y termin\u00f3 embisti\u00e9ndolo. A ra\u00edz del fuerte golpe, el sexagenario cay\u00f3 pesadamente al suelo revistiendo <strong><em>politraumatismos varios<\/em><\/strong>, motivo por el que <strong>fue trasladado al hospital Enfermeros Argentinos.<\/strong><\/span><\/p>\n","protected":false},"excerpt":{"rendered":"<p>En horas de la tarde de este lunes, se produjo un siniestro vial en pleno centro de Ciudad entre una camioneta &#8230;<\/p>\n","protected":false},"author":8,"featured_media":113246,"comment_status":"open","ping_status":"open","sticky":false,"template":"","format":"standard","meta":{"footnotes":""},"categories":[5,4],"tags":[],"class_list":["post-113245","post","type-post","status-publish","format-standard","has-post-thumbnail","hentry","category-actualidad","category-policiales"],"_links":{"self":[{"href":"https:\/\/vinasfm.com\/noticias\/wp-json\/wp\/v2\/posts\/113245","targetHints":{"allow":["GET"]}}],"collection":[{"href":"https:\/\/vinasfm.com\/noticias\/wp-json\/wp\/v2\/posts"}],"about":[{"href":"https:\/\/vinasfm.com\/noticias\/wp-json\/wp\/v2\/types\/post"}],"author":[{"embeddable":true,"href":"https:\/\/vinasfm.com\/noticias\/wp-json\/wp\/v2\/users\/8"}],"replies":[{"embeddable":true,"href":"https:\/\/vinasfm.com\/noticias\/wp-json\/wp\/v2\/comments?post=113245"}],"version-history":[{"count":2,"href":"https:\/\/vinasfm.com\/noticias\/wp-json\/wp\/v2\/posts\/113245\/revisions"}],"predecessor-version":[{"id":113290,"href":"https:\/\/vinasfm.com\/noticias\/wp-json\/wp\/v2\/posts\/113245\/revisions\/113290"}],"wp:featuredmedia":[{"embeddable":true,"href":"https:\/\/vinasfm.com\/noticias\/wp-json\/wp\/v2\/media\/113246"}],"wp:attachment":[{"href":"https:\/\/vinasfm.com\/noticias\/wp-json\/wp\/v2\/media?parent=113245"}],"wp:term":[{"taxonomy":"category","embeddable":true,"href":"https:\/\/vinasfm.com\/noticias\/wp-json\/wp\/v2\/categories?post=113245"},{"taxonomy":"post_tag","embeddable":true,"href":"https:\/\/vinasfm.com\/noticias\/wp-json\/wp\/v2\/tags?post=113245"}],"curies":[{"name":"wp","href":"https:\/\/api.w.org\/{rel}","templated":true}]}}