{"id":113213,"date":"2022-09-12T23:23:02","date_gmt":"2022-09-13T02:23:02","guid":{"rendered":"http:\/\/vinasfm.com\/noticias\/?p=113213"},"modified":"2022-09-13T10:30:05","modified_gmt":"2022-09-13T13:30:05","slug":"la-orquesta-filarmonica-de-alvear-se-presento-en-el-teatro-plaza","status":"publish","type":"post","link":"https:\/\/vinasfm.com\/noticias\/la-orquesta-filarmonica-de-alvear-se-presento-en-el-teatro-plaza\/","title":{"rendered":"LA ORQUESTA FILARM\u00d3NICA DE ALVEAR SE PRESENT\u00d3 EN EL TEATRO PLAZA"},"content":{"rendered":"<h4><span style=\"color: #000000;\"><strong>En una presentaci\u00f3n hist\u00f3rica, de la cual particip\u00f3 el intendente Walther Marcolini, el intendente de Ciudad Ulpiano Su\u00e1rez, el intendente de Guaymall\u00e9n Marcelino Iglesias y la Ministra de Cultura y Turismo Nora Vicario, entre otros, la Orquesta Filarm\u00f3nica de nuestro departamento deleito a todos en un Teatro Plaza, de Mendoza, totalmente colmado.<\/strong><\/span><\/h4>\n<p><span style=\"color: #000000;\">El intendente Walther Marcolini presenci\u00f3 este momento hist\u00f3rico para la cultura departamental, con la posibilidad de que la Orquesta Filarm\u00f3nica de General Alvear pueda presentarse en este gran teatro de nuestra provincia: \u201cHay lugares donde el Estado tiene que decir presente, nosotros lo entendimos as\u00ed y por eso estamos acompa\u00f1ando desde el inicio. Esta es una gran Orquesta, que brinda una gran posibilidad para estos ni\u00f1os que se formaron en la Orquesta Alas del Viento desde muy peque\u00f1os y marca la evoluci\u00f3n que han tenido\u201d.<\/span><\/p>\n<p><span style=\"color: #000000;\">A su vez, el Jefe Comunal destac\u00f3 la funci\u00f3n social de este tipo de orquestas que brindan contenci\u00f3n a una gran cantidad de ni\u00f1os del departamento, como as\u00ed tambi\u00e9n la necesidad de que los municipios se unan para mostrar su cultura: \u201cEl intendente Ulpiano Su\u00e1rez nos visit\u00f3 en numerosas ocasiones, y cuando se inaugur\u00f3 la delegaci\u00f3n de Carmensa conoci\u00f3 esta orquesta y surgi\u00f3 la posibilidad de concretar esta presentaci\u00f3n\u201d.<\/span><\/p>\n<p><span style=\"color: #000000;\">La Ministra de Cultura y Turismo Nora Vicario hizo hincapi\u00e9 en la posibilidad de haber disfrutado de la Orquesta Filarm\u00f3nica de General Alvear: \u201cEsto fortalece la cultura y pone al talento alvearense en la Ciudad de Mendoza, lo que le hace muy bien a los artistas para que sigan trabajando y creciendo, ya que nos contaron historias maravillosas de lo que ocurre detr\u00e1s en esta orquesta, por eso felicito al intendente y al equipo de Cultura\u201d.<\/span><\/p>\n<p><span style=\"color: #000000;\">Ulpiano Su\u00e1rez, intendente de Ciudad de Mendoza, volvi\u00f3 a mostrarse encantado por la presentaci\u00f3n de la Orquesta Filarm\u00f3nica de General Alvear, que fue aplaudida de pie por los presentes: \u201cTenemos las puertas abiertas y estamos orgullosos de poder recibir a estos chicos, y es una pol\u00edtica de Ciudad apoyar a los ni\u00f1os y a sus profesores como lo hacen en General Alvear. Contar con la infraestructura, como el Teatro en Alvear o este Teatro en Mendoza, son importantes para que estos eventos puedan realizarse, pero es importante el trabajo sostenido de todos los d\u00edas, con municipios involucrados en la cultura\u201d.<\/span><\/p>\n<p><span style=\"color: #000000;\">La Orquesta Filarm\u00f3nica de General Alvear se present\u00f3 por primera vez el 27 de noviembre del 2021, y est\u00e1 conformada por m\u00fasicos de la Orquesta Alas del Viento y de la Banda Infanto Juvenil Crescendo, es dirigida por la Profesora Emilce Jacobchuk, a la vez que es coordinada por el Profesor Roberto Rojas<\/span><\/p>\n<p><span style=\"color: #000000;\">El Concierto Paisajes Musicales es una propuesta que tiene medio programa de m\u00fasica acad\u00e9mica y luego una recorrida por la m\u00fasica argentina y una rese\u00f1a latinoamericana muy interesante.<\/span><\/p>\n<p><span style=\"color: #000000;\">La Directora de la Orquesta Filarm\u00f3nica de General Alvear Emilce Jacobchuk habl\u00f3 acerca de esta noche so\u00f1ada: \u201cLa vivimos con mucha emoci\u00f3n porque esper\u00e1bamos este momento, no sab\u00edamos qu\u00e9 repertorio \u00edbamos a lograr, pero es una alegr\u00eda muy grande observar este crecimiento y poder brindar este espect\u00e1culo. Adem\u00e1s fue impactante ver la sala llena, realmente sent\u00ed algo muy fuerte\u201d. <\/span><\/p>\n<p><span style=\"color: #000000;\">Asimismo Roberto Rojas indic\u00f3: \u201cNo hab\u00edamos salido nunca de Alvear y poder alcanzar este Teatro en nuestra primer salida, es muy significativo para nosotros, para nuestros m\u00fasicos y para nuestros chicos, creo que estamos haciendo las cosas bien y es un premio divino estar hoy aqu\u00ed. Creo que uno da lo que tiene, y en el caso de Emilce est\u00e1 a la vista, nosotros somos esto, solo sabemos dar, como lo hicieron con nosotros y se lo seguimos transmitiendo a nuestros m\u00fasicos\u201d, concluy\u00f3 Rojas, quien agradeci\u00f3 a la Municipalidad de General Alvear por la oportunidad de vivir una noche inolvidable.<\/span><\/p>\n","protected":false},"excerpt":{"rendered":"<p>En una presentaci\u00f3n hist\u00f3rica, de la cual particip\u00f3 el intendente Walther Marcolini, el intendente de Ciudad Ulpiano Su\u00e1rez, el intendente de &#8230;<\/p>\n","protected":false},"author":8,"featured_media":113214,"comment_status":"open","ping_status":"open","sticky":false,"template":"","format":"standard","meta":{"footnotes":""},"categories":[5,19],"tags":[],"class_list":["post-113213","post","type-post","status-publish","format-standard","has-post-thumbnail","hentry","category-actualidad","category-cultura"],"_links":{"self":[{"href":"https:\/\/vinasfm.com\/noticias\/wp-json\/wp\/v2\/posts\/113213","targetHints":{"allow":["GET"]}}],"collection":[{"href":"https:\/\/vinasfm.com\/noticias\/wp-json\/wp\/v2\/posts"}],"about":[{"href":"https:\/\/vinasfm.com\/noticias\/wp-json\/wp\/v2\/types\/post"}],"author":[{"embeddable":true,"href":"https:\/\/vinasfm.com\/noticias\/wp-json\/wp\/v2\/users\/8"}],"replies":[{"embeddable":true,"href":"https:\/\/vinasfm.com\/noticias\/wp-json\/wp\/v2\/comments?post=113213"}],"version-history":[{"count":1,"href":"https:\/\/vinasfm.com\/noticias\/wp-json\/wp\/v2\/posts\/113213\/revisions"}],"predecessor-version":[{"id":113215,"href":"https:\/\/vinasfm.com\/noticias\/wp-json\/wp\/v2\/posts\/113213\/revisions\/113215"}],"wp:featuredmedia":[{"embeddable":true,"href":"https:\/\/vinasfm.com\/noticias\/wp-json\/wp\/v2\/media\/113214"}],"wp:attachment":[{"href":"https:\/\/vinasfm.com\/noticias\/wp-json\/wp\/v2\/media?parent=113213"}],"wp:term":[{"taxonomy":"category","embeddable":true,"href":"https:\/\/vinasfm.com\/noticias\/wp-json\/wp\/v2\/categories?post=113213"},{"taxonomy":"post_tag","embeddable":true,"href":"https:\/\/vinasfm.com\/noticias\/wp-json\/wp\/v2\/tags?post=113213"}],"curies":[{"name":"wp","href":"https:\/\/api.w.org\/{rel}","templated":true}]}}