{"id":113209,"date":"2022-09-12T23:58:38","date_gmt":"2022-09-13T02:58:38","guid":{"rendered":"http:\/\/vinasfm.com\/noticias\/?p=113209"},"modified":"2022-09-14T08:13:03","modified_gmt":"2022-09-14T11:13:03","slug":"mas-de-80-ciclistas-participaron-de-la-revancha-desafio-de-mtb-el-trapal","status":"publish","type":"post","link":"https:\/\/vinasfm.com\/noticias\/mas-de-80-ciclistas-participaron-de-la-revancha-desafio-de-mtb-el-trapal\/","title":{"rendered":"M\u00c1S DE 80 CICLISTAS PARTICIPARON DE LA REVANCHA DESAF\u00cdO DE MTB EL TRAPAL"},"content":{"rendered":"<h4><span style=\"color: #000000;\"><strong>Con la Reserva Natural El Trapal como escenario, este domingo se corri\u00f3 la Revancha Desaf\u00edo de Mountain Bike El Trapal, que reuni\u00f3 a 80 pedalistas en las categor\u00edas Promocional y Competitiva.<\/strong><\/span><\/h4>\n<p><span style=\"color: #000000;\">El Director de Deportes Jorge P\u00e1ez se mostr\u00f3 muy conforme con la organizaci\u00f3n de esta Revancha Desaf\u00edo de MTB El Trapal, competencia que tiene lugar en el mes de julio y que este domingo volvi\u00f3 a disfrutarse: \u201cEn esta ocasi\u00f3n se corri\u00f3 en sentido contrario, es una carrera muy bonita porque se realiza en la Laguna El Trapal, con un recorrido de 7Km donde tenemos arena, m\u00e9danos pesados, calle, senderos, y mucha gente que estuvo alentando a los ciclistas\u201d.<\/span><\/p>\n<p><span style=\"color: #000000;\">P\u00e1ez destac\u00f3 la posibilidad de realizar competencias locales ya que los ciclistas se muestran muy satisfechos por poder correr en nuestro departamento sin necesidad de tener que movilizarse.<\/span><\/p>\n<p><span style=\"color: #000000;\">Mat\u00edas Gonz\u00e1lez se qued\u00f3 con la Categor\u00eda \u00c9lite, con un tiempo de 1:21:59: \u201cLa Municipalidad siempre se porta excelente, por lo que agradecemos ya que tenemos una gran competencia muy cerca del centro. En cuanto al recorrido lo not\u00e9 m\u00e1s r\u00e1pido aunque el \u00faltimo tramo fue m\u00e1s t\u00e9cnico, sin dudas es muy interesante que se le haya dado ese toque de correr al rev\u00e9s\u201d.<\/span><\/p>\n<p><span style=\"color: #000000;\">Finalmente el Director de Deportes record\u00f3 que se est\u00e1 trabajando en la preparaci\u00f3n de dos competencias, el Bowen Corre, una carrera de pedestrismo nocturna de 10 Km y por otro lado un Duatl\u00f3n que se correr\u00e1 en el mes de noviembre desde El Trapal hasta la Plaza Carlos Mar\u00eda de Alvear.<\/span><\/p>\n<h4 style=\"text-align: center;\"><span style=\"color: #000000;\"><strong>Posiciones:<\/strong><\/span><\/h4>\n<p><span style=\"color: #000000;\">Categor\u00eda \u00c9lite:<\/span><\/p>\n<p><span style=\"color: #000000;\">01 &#8211; Mat\u00edas Gonz\u00e1lez<\/span><br \/>\n<span style=\"color: #000000;\">02 &#8211; Kevin Vilchez<\/span><br \/>\n<span style=\"color: #000000;\">03 &#8211; Hern\u00e1n Yone<\/span><\/p>\n<p><span style=\"color: #000000;\">Master A Caballeros:<\/span><\/p>\n<p><span style=\"color: #000000;\">01 &#8211; Jos\u00e9 Sosa<\/span><br \/>\n<span style=\"color: #000000;\">02 &#8211; Juan Manuel Arenas<\/span><br \/>\n<span style=\"color: #000000;\">03 &#8211; Leandro Guti\u00e9rrez<\/span><\/p>\n<p><span style=\"color: #000000;\">Master A Damas:<\/span><\/p>\n<p><span style=\"color: #000000;\">01 &#8211; Tatiana Dawidowich<\/span><\/p>\n<p><span style=\"color: #000000;\">Master B Caballeros:<\/span><\/p>\n<p><span style=\"color: #000000;\">01 &#8211; Javier Sosa<\/span><br \/>\n<span style=\"color: #000000;\">02 &#8211; Gabriel Casado<\/span><br \/>\n<span style=\"color: #000000;\">03 &#8211; Leonardo Battini<\/span><\/p>\n<p><span style=\"color: #000000;\">Master C Caballeros:<\/span><\/p>\n<p><span style=\"color: #000000;\">01 &#8211; Rub\u00e9n Rosales<\/span><br \/>\n<span style=\"color: #000000;\">02 &#8211; Carlos Medina<\/span><br \/>\n<span style=\"color: #000000;\">03 &#8211; Fabi\u00e1n Vidable<\/span><\/p>\n<p><span style=\"color: #000000;\">Master C Damas:<\/span><\/p>\n<p><span style=\"color: #000000;\">01 &#8211; Laura Ben\u00edtez<\/span><\/p>\n<p><span style=\"color: #000000;\">General Promocional:<\/span><\/p>\n<p><span style=\"color: #000000;\">01 &#8211; Lucas Ciriza<\/span><br \/>\n<span style=\"color: #000000;\">02 &#8211; Lucas Nu\u00f1ez<\/span><br \/>\n<span style=\"color: #000000;\">03 &#8211; Guillermo Goldar<\/span><\/p>\n<p><span style=\"color: #000000;\">Promocional A Caballeros:<\/span><\/p>\n<p><span style=\"color: #000000;\">01 &#8211; Lucas Ciriza<\/span><br \/>\n<span style=\"color: #000000;\">02 &#8211; Rodrigo Pardo<\/span><br \/>\n<span style=\"color: #000000;\">03 &#8211; H\u00e9ctor Sosa<\/span><\/p>\n<p><span style=\"color: #000000;\">Promocional B Caballeros:<\/span><\/p>\n<p><span style=\"color: #000000;\">01 &#8211; Lucas Nu\u00f1ez<\/span><br \/>\n<span style=\"color: #000000;\">02 &#8211; Guillermo Goldar<\/span><br \/>\n<span style=\"color: #000000;\">03 &#8211; Gonzalo Molina<\/span><\/p>\n<p><span style=\"color: #000000;\">Promocional C Caballeros:<\/span><\/p>\n<p><span style=\"color: #000000;\">01 &#8211; Roberto Lucero<\/span><\/p>\n<p><span style=\"color: #000000;\">Promocional A Damas:<\/span><\/p>\n<p><span style=\"color: #000000;\">01 &#8211; Yamila Ag\u00fcero<\/span><br \/>\n<span style=\"color: #000000;\">02 &#8211; Emilia R\u00edos<\/span><\/p>\n<p><span style=\"color: #000000;\">Promocional B Damas:<\/span><\/p>\n<p><span style=\"color: #000000;\">01 &#8211; Fabiola Peawlow<\/span><\/p>\n<p><span style=\"color: #000000;\">Promocional C Damas:<\/span><\/p>\n<p><span style=\"color: #000000;\">01 &#8211; Maira Villegas<\/span><\/p>\n","protected":false},"excerpt":{"rendered":"<p>Con la Reserva Natural El Trapal como escenario, este domingo se corri\u00f3 la Revancha Desaf\u00edo de Mountain Bike El Trapal, que &#8230;<\/p>\n","protected":false},"author":8,"featured_media":113211,"comment_status":"open","ping_status":"open","sticky":false,"template":"","format":"standard","meta":{"footnotes":""},"categories":[5,3],"tags":[],"class_list":["post-113209","post","type-post","status-publish","format-standard","has-post-thumbnail","hentry","category-actualidad","category-deportes"],"_links":{"self":[{"href":"https:\/\/vinasfm.com\/noticias\/wp-json\/wp\/v2\/posts\/113209","targetHints":{"allow":["GET"]}}],"collection":[{"href":"https:\/\/vinasfm.com\/noticias\/wp-json\/wp\/v2\/posts"}],"about":[{"href":"https:\/\/vinasfm.com\/noticias\/wp-json\/wp\/v2\/types\/post"}],"author":[{"embeddable":true,"href":"https:\/\/vinasfm.com\/noticias\/wp-json\/wp\/v2\/users\/8"}],"replies":[{"embeddable":true,"href":"https:\/\/vinasfm.com\/noticias\/wp-json\/wp\/v2\/comments?post=113209"}],"version-history":[{"count":1,"href":"https:\/\/vinasfm.com\/noticias\/wp-json\/wp\/v2\/posts\/113209\/revisions"}],"predecessor-version":[{"id":113212,"href":"https:\/\/vinasfm.com\/noticias\/wp-json\/wp\/v2\/posts\/113209\/revisions\/113212"}],"wp:featuredmedia":[{"embeddable":true,"href":"https:\/\/vinasfm.com\/noticias\/wp-json\/wp\/v2\/media\/113211"}],"wp:attachment":[{"href":"https:\/\/vinasfm.com\/noticias\/wp-json\/wp\/v2\/media?parent=113209"}],"wp:term":[{"taxonomy":"category","embeddable":true,"href":"https:\/\/vinasfm.com\/noticias\/wp-json\/wp\/v2\/categories?post=113209"},{"taxonomy":"post_tag","embeddable":true,"href":"https:\/\/vinasfm.com\/noticias\/wp-json\/wp\/v2\/tags?post=113209"}],"curies":[{"name":"wp","href":"https:\/\/api.w.org\/{rel}","templated":true}]}}