{"id":113183,"date":"2022-09-12T22:06:04","date_gmt":"2022-09-13T01:06:04","guid":{"rendered":"http:\/\/vinasfm.com\/noticias\/?p=113183"},"modified":"2022-09-13T09:53:14","modified_gmt":"2022-09-13T12:53:14","slug":"se-registraron-dos-hurtos-mas-en-un-fin-de-semana-agitado-en-materia-policial","status":"publish","type":"post","link":"https:\/\/vinasfm.com\/noticias\/se-registraron-dos-hurtos-mas-en-un-fin-de-semana-agitado-en-materia-policial\/","title":{"rendered":"SE REGISTRARON DOS HURTOS M\u00c1S EN UN FIN DE SEMANA AGITADO EN MATERIA POLICIAL"},"content":{"rendered":"<h4><span style=\"color: #000000;\"><strong>Personal de la Seccional 14\u00b0 de Polic\u00eda trabaj\u00f3 en torno a dos il\u00edcitos registrados durante este \u00faltimo fin de semana. El reporte oficial, suministrado a F.M. Vi\u00f1as por el Subcomisario Jos\u00e9 L\u00f3pez, se compone por dos hurtos por lo que bajo instrucci\u00f3n de la Justicia ambas causas se tramitan en la Oficina Fiscal local.<\/strong><\/span><\/h4>\n<p><span style=\"color: #000000;\">El s\u00e1bado a las 23hs se produjo el hurto de una motocicleta 110cc en la intersecci\u00f3n de calles Albox y Corrientes. En la esquina se erige una iglesia, a donde asiste el propietario del rodado, el cual dej\u00f3 estacionado en la vereda pero al salir constat\u00f3 el faltante de la misma. <\/span><\/p>\n<p><span style=\"color: #000000;\">Mediante requisa el domingo en la madrugada, Investigaciones logr\u00f3 localizar en una propiedad del B\u00b0 San Carlos la chapa patente y el carenado por lo que contin\u00faa la b\u00fasqueda de lo que queda de la moto.<\/span><\/p>\n<p><span style=\"color: #000000;\">Cerca de las 5:30hs del mismo d\u00eda, en Olascoaga y Paso de Los Andes, personal de Cuerpos Especiales, en patrullaje preventivo, observ\u00f3 a do por lo que fueron traslados a la sede policial local donde quedaron alojados y el elemento secuestrado, hasta tanto se presente alg\u00fan damnificado.<\/span><\/p>\n","protected":false},"excerpt":{"rendered":"<p>Personal de la Seccional 14\u00b0 de Polic\u00eda trabaj\u00f3 en torno a dos il\u00edcitos registrados durante este \u00faltimo fin de semana. El &#8230;<\/p>\n","protected":false},"author":8,"featured_media":63435,"comment_status":"open","ping_status":"open","sticky":false,"template":"","format":"standard","meta":{"footnotes":""},"categories":[5,4],"tags":[],"class_list":["post-113183","post","type-post","status-publish","format-standard","has-post-thumbnail","hentry","category-actualidad","category-policiales"],"_links":{"self":[{"href":"https:\/\/vinasfm.com\/noticias\/wp-json\/wp\/v2\/posts\/113183","targetHints":{"allow":["GET"]}}],"collection":[{"href":"https:\/\/vinasfm.com\/noticias\/wp-json\/wp\/v2\/posts"}],"about":[{"href":"https:\/\/vinasfm.com\/noticias\/wp-json\/wp\/v2\/types\/post"}],"author":[{"embeddable":true,"href":"https:\/\/vinasfm.com\/noticias\/wp-json\/wp\/v2\/users\/8"}],"replies":[{"embeddable":true,"href":"https:\/\/vinasfm.com\/noticias\/wp-json\/wp\/v2\/comments?post=113183"}],"version-history":[{"count":2,"href":"https:\/\/vinasfm.com\/noticias\/wp-json\/wp\/v2\/posts\/113183\/revisions"}],"predecessor-version":[{"id":113187,"href":"https:\/\/vinasfm.com\/noticias\/wp-json\/wp\/v2\/posts\/113183\/revisions\/113187"}],"wp:featuredmedia":[{"embeddable":true,"href":"https:\/\/vinasfm.com\/noticias\/wp-json\/wp\/v2\/media\/63435"}],"wp:attachment":[{"href":"https:\/\/vinasfm.com\/noticias\/wp-json\/wp\/v2\/media?parent=113183"}],"wp:term":[{"taxonomy":"category","embeddable":true,"href":"https:\/\/vinasfm.com\/noticias\/wp-json\/wp\/v2\/categories?post=113183"},{"taxonomy":"post_tag","embeddable":true,"href":"https:\/\/vinasfm.com\/noticias\/wp-json\/wp\/v2\/tags?post=113183"}],"curies":[{"name":"wp","href":"https:\/\/api.w.org\/{rel}","templated":true}]}}