{"id":113110,"date":"2022-09-12T23:59:05","date_gmt":"2022-09-13T02:59:05","guid":{"rendered":"http:\/\/vinasfm.com\/noticias\/?p=113110"},"modified":"2022-09-14T10:26:22","modified_gmt":"2022-09-14T13:26:22","slug":"ya-esta-todo-listo-para-la-noche-de-vinos-en-bodega-el-faraon","status":"publish","type":"post","link":"https:\/\/vinasfm.com\/noticias\/ya-esta-todo-listo-para-la-noche-de-vinos-en-bodega-el-faraon\/","title":{"rendered":"EL PR\u00d3XIMO S\u00c1BADO, BODEGA FARA\u00d3N ALBERGAR\u00c1 &#8216;LA NOCHE DE VINOS&#8217;"},"content":{"rendered":"<h4><strong><span style=\"color: #000000;\">El pr\u00f3ximo s\u00e1bado 17 de septiembre en Bodega Fara\u00f3n, se realiza &#8216;Noche de Vinos&#8217; a cargo de ACDEGA (Asociaci\u00f3n Centro De En\u00f3logos General Alvear) y la Municipalidad, donde se degustaran vinos de diferentes bodegas locales con un cupo limitado de participantes.<\/span><\/strong><\/h4>\n<p><span style=\"color: #000000;\">Se espera que la noche del s\u00e1bado 17 acompa\u00f1e climatol\u00f3gicamente para llevarlo acabo en al aire libre la degustaci\u00f3n de vinos que estar\u00e1n establecidos en diferentes stand, en di\u00e1logo con <strong>F.M. VI\u00d1AS Valeria Chesse, Pta del Centro de En\u00f3logos<\/strong> expres\u00f3: <em><strong>&#8216;Es con entrada limitada con 200 personas, para que puedan disfrutar si el tiempo acompa\u00f1a capaz podemos estar afuera sino adentro en el sal\u00f3n, el costo de las entradas es de 1.500 copas&#8217;.<\/strong><\/em><\/span><\/p>\n<p><span style=\"color: #000000;\">Las entradas saldr\u00e1n a la venta el d\u00eda viernes y se podr\u00e1n conseguir en la oficina de Turismo de nuestro departamento o en el Centro de En\u00f3logos, tambi\u00e9n atreves de las redes sociales como facebook e instagram.\u00a0<\/span><\/p>\n<p><span style=\"color: #000000;\">El 12 de noviembre se llevar\u00e1 acabo una nueva edici\u00f3n de Evinsur 2022, 26 a\u00f1os que se realiza, en el a\u00f1o 2020 tomo la modalidad de hacerlo de forma virtual con gran participaci\u00f3n, en a\u00f1o 2021 se realizo con un cupo limitado y este a\u00f1o ser\u00e1 nuevamente presencial. <em><strong>&#8216;Es la degustaciones se hacen una evaluaci\u00f3n el comit\u00e9 de degustaci\u00f3n del centro de en\u00f3logos de los mejores vino de la cosecha 2022, despu\u00e9s se los presenta al publico&#8217;,<\/strong><\/em> se\u00f1alo.\u00a0<\/span><\/p>\n<p><span style=\"color: #000000;\">La industria del vino ha tenido un gran crecimiento en pandemia pero se han encontrado con problemas en los insumos para finalizar la producci\u00f3n, la situaci\u00f3n econ\u00f3mico del pais y le sumamos la situaci\u00f3n climatol\u00f3gica no ha sido la m\u00e1s favorable para los productores que tambi\u00e9n complica pero de igual manera ha ido en crecimiento el consumo. <em><strong>&#8216;Hemos tenido buenas cosechas, buenos vinos, buenos colores y esperemos que siga creciendo la industria&#8217;,<\/strong><\/em> manifest\u00f3 Valeria Chesse.\u00a0<\/span><\/p>\n<p><span style=\"color: #000000;\">\u2022C.F.<\/span><\/p>\n<p>&nbsp;<\/p>\n","protected":false},"excerpt":{"rendered":"<p>El pr\u00f3ximo s\u00e1bado 17 de septiembre en Bodega Fara\u00f3n, se realiza &#8216;Noche de Vinos&#8217; a cargo de ACDEGA (Asociaci\u00f3n Centro De &#8230;<\/p>\n","protected":false},"author":7,"featured_media":44701,"comment_status":"open","ping_status":"open","sticky":false,"template":"","format":"standard","meta":{"footnotes":""},"categories":[5,19],"tags":[],"class_list":["post-113110","post","type-post","status-publish","format-standard","has-post-thumbnail","hentry","category-actualidad","category-cultura"],"_links":{"self":[{"href":"https:\/\/vinasfm.com\/noticias\/wp-json\/wp\/v2\/posts\/113110","targetHints":{"allow":["GET"]}}],"collection":[{"href":"https:\/\/vinasfm.com\/noticias\/wp-json\/wp\/v2\/posts"}],"about":[{"href":"https:\/\/vinasfm.com\/noticias\/wp-json\/wp\/v2\/types\/post"}],"author":[{"embeddable":true,"href":"https:\/\/vinasfm.com\/noticias\/wp-json\/wp\/v2\/users\/7"}],"replies":[{"embeddable":true,"href":"https:\/\/vinasfm.com\/noticias\/wp-json\/wp\/v2\/comments?post=113110"}],"version-history":[{"count":5,"href":"https:\/\/vinasfm.com\/noticias\/wp-json\/wp\/v2\/posts\/113110\/revisions"}],"predecessor-version":[{"id":113317,"href":"https:\/\/vinasfm.com\/noticias\/wp-json\/wp\/v2\/posts\/113110\/revisions\/113317"}],"wp:featuredmedia":[{"embeddable":true,"href":"https:\/\/vinasfm.com\/noticias\/wp-json\/wp\/v2\/media\/44701"}],"wp:attachment":[{"href":"https:\/\/vinasfm.com\/noticias\/wp-json\/wp\/v2\/media?parent=113110"}],"wp:term":[{"taxonomy":"category","embeddable":true,"href":"https:\/\/vinasfm.com\/noticias\/wp-json\/wp\/v2\/categories?post=113110"},{"taxonomy":"post_tag","embeddable":true,"href":"https:\/\/vinasfm.com\/noticias\/wp-json\/wp\/v2\/tags?post=113110"}],"curies":[{"name":"wp","href":"https:\/\/api.w.org\/{rel}","templated":true}]}}