{"id":113088,"date":"2022-09-08T23:59:27","date_gmt":"2022-09-09T02:59:27","guid":{"rendered":"http:\/\/vinasfm.com\/noticias\/?p=113088"},"modified":"2022-09-12T09:16:51","modified_gmt":"2022-09-12T12:16:51","slug":"esta-en-marcha-la-32a-edicion-de-los-torneos-de-la-escuela-jose-hernandez","status":"publish","type":"post","link":"https:\/\/vinasfm.com\/noticias\/esta-en-marcha-la-32a-edicion-de-los-torneos-de-la-escuela-jose-hernandez\/","title":{"rendered":"EST\u00c1 EN MARCHA LA 32\u00aa EDICI\u00d3N DE LOS TORNEOS DE LA ESCUELA &#8216;JOS\u00c9 HERN\u00c1NDEZ&#8217;"},"content":{"rendered":"<h4><span style=\"color: #000000;\"><strong>Organizado por la Escuela Jos\u00e9 Hern\u00e1ndez, de Bowen, y con el apoyo de la Municipalidad de General Alvear, se realiza la edici\u00f3n n\u00famero 32 de los Torneos de la Juventud, que re\u00fane a una gran cantidad de j\u00f3venes del departamento.<\/strong><\/span><\/h4>\n<p><span style=\"color: #000000;\">El Secretario de Gobierno, Mariano Varela, se refiri\u00f3 a la inauguraci\u00f3n de los 32\u00ba Torneos de la Juventud organizados por la Escuela Jos\u00e9 Hern\u00e1ndez: \u201c<strong><em>Desde el Municipio apoyamos y acompa\u00f1amos estos torneos a trav\u00e9s de una ayuda econ\u00f3mica, pero esto nos hace pensar y repensar en valorar lo que dejamos de hacer por la pandemia, como estos torneos que adem\u00e1s ense\u00f1an valores y buenas costumbres a los j\u00f3venes<\/em><\/strong>\u201d, expres\u00f3 el funcionario quien record\u00f3 a los primeros hacedores de este torneo.<\/span><\/p>\n<p><span style=\"color: #000000;\">La edici\u00f3n n\u00famero 32 de estos torneos son de gran trascendencia, no solo para la comunidad educativa de la Escuela Jos\u00e9 Hern\u00e1ndez, sino tambi\u00e9n para todo el distrito. El director del establecimiento Aldo Mathus subray\u00f3 que: \u201c<strong><em>Es grande la responsabilidad de retomar una tradici\u00f3n despu\u00e9s de una interrupci\u00f3n de dos a\u00f1os, pero es muy grande la alegr\u00eda de poder ver a estos chicos y c\u00f3mo cambia la din\u00e1mica de la escuela durante estos d\u00edas<\/em><\/strong>\u201d.<\/span><\/p>\n<p><span style=\"color: #000000;\">Mathus agradeci\u00f3 el apoyo brindado por la Municipalidad de General Alvear para poder concretar esta gran iniciativa.<\/span><\/p>\n","protected":false},"excerpt":{"rendered":"<p>Organizado por la Escuela Jos\u00e9 Hern\u00e1ndez, de Bowen, y con el apoyo de la Municipalidad de General Alvear, se realiza la &#8230;<\/p>\n","protected":false},"author":8,"featured_media":113089,"comment_status":"open","ping_status":"open","sticky":false,"template":"","format":"standard","meta":{"footnotes":""},"categories":[5,18],"tags":[],"class_list":["post-113088","post","type-post","status-publish","format-standard","has-post-thumbnail","hentry","category-actualidad","category-educacion"],"_links":{"self":[{"href":"https:\/\/vinasfm.com\/noticias\/wp-json\/wp\/v2\/posts\/113088","targetHints":{"allow":["GET"]}}],"collection":[{"href":"https:\/\/vinasfm.com\/noticias\/wp-json\/wp\/v2\/posts"}],"about":[{"href":"https:\/\/vinasfm.com\/noticias\/wp-json\/wp\/v2\/types\/post"}],"author":[{"embeddable":true,"href":"https:\/\/vinasfm.com\/noticias\/wp-json\/wp\/v2\/users\/8"}],"replies":[{"embeddable":true,"href":"https:\/\/vinasfm.com\/noticias\/wp-json\/wp\/v2\/comments?post=113088"}],"version-history":[{"count":2,"href":"https:\/\/vinasfm.com\/noticias\/wp-json\/wp\/v2\/posts\/113088\/revisions"}],"predecessor-version":[{"id":113193,"href":"https:\/\/vinasfm.com\/noticias\/wp-json\/wp\/v2\/posts\/113088\/revisions\/113193"}],"wp:featuredmedia":[{"embeddable":true,"href":"https:\/\/vinasfm.com\/noticias\/wp-json\/wp\/v2\/media\/113089"}],"wp:attachment":[{"href":"https:\/\/vinasfm.com\/noticias\/wp-json\/wp\/v2\/media?parent=113088"}],"wp:term":[{"taxonomy":"category","embeddable":true,"href":"https:\/\/vinasfm.com\/noticias\/wp-json\/wp\/v2\/categories?post=113088"},{"taxonomy":"post_tag","embeddable":true,"href":"https:\/\/vinasfm.com\/noticias\/wp-json\/wp\/v2\/tags?post=113088"}],"curies":[{"name":"wp","href":"https:\/\/api.w.org\/{rel}","templated":true}]}}