{"id":113003,"date":"2022-09-06T00:01:04","date_gmt":"2022-09-06T03:01:04","guid":{"rendered":"http:\/\/vinasfm.com\/noticias\/?p=113003"},"modified":"2022-09-07T08:24:43","modified_gmt":"2022-09-07T11:24:43","slug":"solicitan-mas-frecuencias-de-colectivos-a-punta-del-agua","status":"publish","type":"post","link":"https:\/\/vinasfm.com\/noticias\/solicitan-mas-frecuencias-de-colectivos-a-punta-del-agua\/","title":{"rendered":"SOLICITAN M\u00c1S FRECUENCIAS DE COLECTIVOS A PUNTA DEL AGUA"},"content":{"rendered":"<h4><span style=\"color: #000000;\"><strong>La conectividad es un reclamo hist\u00f3rico de los vecinos de Punta del Agua. El mal estado de los caminos y las escas\u00edsimas frecuencias de colectivo son una cuesti\u00f3n que no se ha podido resolver en el tiempo y que complica la vida cotidiana de los habitantes, as\u00ed como de otras personas que tienen que llegar al distrito, como el caso de los docentes.<\/strong><\/span><\/h4>\n<p><span style=\"color: #000000;\">En este marco, en las \u00faltimas horas ingres\u00f3 a la legislatura provincial un pedido formal para que se aumenten las frecuencias de colectivo que actualmente son apenas 2 por semana y solo desde General Alvear. La solicitud plantea a la Secretar\u00eda de Servicio P\u00fablicos de Mendoza que \u201c<strong><em>aumenten la frecuencia y den mayor cobertura de transporte p\u00fablico a Punta de Agua; incrementando a frecuencias diarias en horarios laborales para el ingreso y egreso al distrito en transporte p\u00fablico<\/em><\/strong>\u201d.<\/span><\/p>\n<p><span style=\"color: #000000;\">El plateo se enmarca ante \u201c<strong><em>la falta de frecuencias que son totalmente espor\u00e1dicas para la necesidad que la zona demanda<\/em><\/strong>\u201d, lo que ha generado el pedido de la comunidad y los trabajadores canalizado en la presentaci\u00f3n legislativa. \u201c<strong><em>La necesidad es diaria, no solo lunes y viernes como se realiza actualmente la frecuencia, por ello y para garantizar la accesibilidad correcta a los pobladores y trabajadores es que solicitamos a Servicios P\u00fablicos que indique el aumento de frecuencias inminente por la urgencia que demanda<\/em><\/strong>\u201d, destaca el planteo.<\/span><\/p>\n","protected":false},"excerpt":{"rendered":"<p>La conectividad es un reclamo hist\u00f3rico de los vecinos de Punta del Agua. El mal estado de los caminos y las &#8230;<\/p>\n","protected":false},"author":8,"featured_media":113004,"comment_status":"open","ping_status":"open","sticky":false,"template":"","format":"standard","meta":{"footnotes":""},"categories":[5,10],"tags":[],"class_list":["post-113003","post","type-post","status-publish","format-standard","has-post-thumbnail","hentry","category-actualidad","category-destacadas"],"_links":{"self":[{"href":"https:\/\/vinasfm.com\/noticias\/wp-json\/wp\/v2\/posts\/113003","targetHints":{"allow":["GET"]}}],"collection":[{"href":"https:\/\/vinasfm.com\/noticias\/wp-json\/wp\/v2\/posts"}],"about":[{"href":"https:\/\/vinasfm.com\/noticias\/wp-json\/wp\/v2\/types\/post"}],"author":[{"embeddable":true,"href":"https:\/\/vinasfm.com\/noticias\/wp-json\/wp\/v2\/users\/8"}],"replies":[{"embeddable":true,"href":"https:\/\/vinasfm.com\/noticias\/wp-json\/wp\/v2\/comments?post=113003"}],"version-history":[{"count":1,"href":"https:\/\/vinasfm.com\/noticias\/wp-json\/wp\/v2\/posts\/113003\/revisions"}],"predecessor-version":[{"id":113005,"href":"https:\/\/vinasfm.com\/noticias\/wp-json\/wp\/v2\/posts\/113003\/revisions\/113005"}],"wp:featuredmedia":[{"embeddable":true,"href":"https:\/\/vinasfm.com\/noticias\/wp-json\/wp\/v2\/media\/113004"}],"wp:attachment":[{"href":"https:\/\/vinasfm.com\/noticias\/wp-json\/wp\/v2\/media?parent=113003"}],"wp:term":[{"taxonomy":"category","embeddable":true,"href":"https:\/\/vinasfm.com\/noticias\/wp-json\/wp\/v2\/categories?post=113003"},{"taxonomy":"post_tag","embeddable":true,"href":"https:\/\/vinasfm.com\/noticias\/wp-json\/wp\/v2\/tags?post=113003"}],"curies":[{"name":"wp","href":"https:\/\/api.w.org\/{rel}","templated":true}]}}