{"id":112981,"date":"2022-09-06T08:45:38","date_gmt":"2022-09-06T11:45:38","guid":{"rendered":"http:\/\/vinasfm.com\/noticias\/?p=112981"},"modified":"2022-09-07T07:32:37","modified_gmt":"2022-09-07T10:32:37","slug":"mas-de-4-mil-personas-disfrutaron-del-dia-del-nino-en-el-aeroclub","status":"publish","type":"post","link":"https:\/\/vinasfm.com\/noticias\/mas-de-4-mil-personas-disfrutaron-del-dia-del-nino-en-el-aeroclub\/","title":{"rendered":"M\u00c1S DE 4 MIL PERSONAS DISFRUTARON DEL D\u00cdA DEL NI\u00d1O EN EL AEROCLUB"},"content":{"rendered":"<h4><span style=\"color: #000000;\"><strong>Con la gran convocatoria de miles de chicos y familias en el Aero Club, este domingo por la tarde culminaron los festejos del D\u00eda del ni\u00f1o en General Alvear, que durante un mes se vivi\u00f3 en todos los distritos del Departamento para llevar alegr\u00eda, actividades educativas y deportivas, sorteos y mucha diversi\u00f3n a los m\u00e1s peque\u00f1os alvearenses.<\/strong><\/span><\/h4>\n<p><span style=\"color: #000000;\">La <strong>Directora de Familia Cecilia Ariet<\/strong> mencion\u00f3 que se trat\u00f3 del \u00faltimo festejo del D\u00eda del ni\u00f1o completando un cronograma con muchas actividades, que comenzaron el 14 de agosto en Carmensa, y continuaron en Bowen, el Barrio San Carlos y Alvear Oeste: \u201c<em>En el Aero Club se comparti\u00f3 un d\u00eda muy lindo, agradable. Estamos contentos de cumplir con el objetivo de federalizar estas actividades, para que todos puedan recibir lo mismo, no importa en qu\u00e9 lugar del Departamento est\u00e9n. Hemos hecho un gran esfuerzo para cumplir con lo propuesto. En el Aero Club hemos tenido aproximadamente 4000 personas, muchas actividades sobre el escenario, obras de teatro, vuelos de bautismo, premios, regalos, peloteros, juegos, sorpresas, actividades deportivas, vuelos de bautismo, acrobacias, artesan\u00edas locales. Es para destacar, que mucha gente colabor\u00f3, adem\u00e1s, el Bus de turismo y el colectivo de Deportes acercaron a los ni\u00f1os de muchos barrios y parajes del Departamento<\/em>\u201d.<\/span><\/p>\n<p><span style=\"color: #000000;\">Por su parte, la <strong>Presidenta del Aero Club Anal\u00eda Garc\u00eda<\/strong> enfatiz\u00f3: \u201c<em>Como anfitriones estamos felices por la gran cantidad de gente que ha participado de la celebraci\u00f3n. Hemos coordinado con diferentes organizaciones y ha salido todo espectacular. Ver a los ni\u00f1os disfrutando de los juegos, los aviones, la tirada de caramelos, las acrobacias es un placer. Colabor\u00f3 Cocineros alvearenses haciendo tortas fritas, uniones vecinales y funcionarios haciendo el chocolate, todas las \u00e1reas municipales, Tvcoa, Sport Club Argentino, Radio club, grupo Scout, los cadetes de la polic\u00eda. Todo ha salido espectacular, esperamos que todos los ni\u00f1os se vayan felices y queremos volver a repetir este festejo, dado que desde la nueva comisi\u00f3n del Aero Club queremos sumar actividades y agradecemos la colaboraci\u00f3n del municipio por acondicionar nuestro predio<\/em>\u201d.<\/span><\/p>\n<p><span style=\"color: #000000;\">Marcos, el pap\u00e1 de un peque\u00f1o de dos a\u00f1os expuso: \u201c<em>Estamos pasando un d\u00eda hermoso con la familia, todo ha salido muy lindo. Mi hijo estuvo feliz mirando los aviones. Me gust\u00f3 la presencia de muchos chicos de todo el Departamento, un d\u00eda como este para ellos es muy lindo<\/em>\u201d.<\/span><\/p>\n","protected":false},"excerpt":{"rendered":"<p>Con la gran convocatoria de miles de chicos y familias en el Aero Club, este domingo por la tarde culminaron los &#8230;<\/p>\n","protected":false},"author":8,"featured_media":112982,"comment_status":"open","ping_status":"open","sticky":false,"template":"","format":"standard","meta":{"footnotes":""},"categories":[5,11],"tags":[],"class_list":["post-112981","post","type-post","status-publish","format-standard","has-post-thumbnail","hentry","category-actualidad","category-sociales"],"_links":{"self":[{"href":"https:\/\/vinasfm.com\/noticias\/wp-json\/wp\/v2\/posts\/112981","targetHints":{"allow":["GET"]}}],"collection":[{"href":"https:\/\/vinasfm.com\/noticias\/wp-json\/wp\/v2\/posts"}],"about":[{"href":"https:\/\/vinasfm.com\/noticias\/wp-json\/wp\/v2\/types\/post"}],"author":[{"embeddable":true,"href":"https:\/\/vinasfm.com\/noticias\/wp-json\/wp\/v2\/users\/8"}],"replies":[{"embeddable":true,"href":"https:\/\/vinasfm.com\/noticias\/wp-json\/wp\/v2\/comments?post=112981"}],"version-history":[{"count":1,"href":"https:\/\/vinasfm.com\/noticias\/wp-json\/wp\/v2\/posts\/112981\/revisions"}],"predecessor-version":[{"id":112983,"href":"https:\/\/vinasfm.com\/noticias\/wp-json\/wp\/v2\/posts\/112981\/revisions\/112983"}],"wp:featuredmedia":[{"embeddable":true,"href":"https:\/\/vinasfm.com\/noticias\/wp-json\/wp\/v2\/media\/112982"}],"wp:attachment":[{"href":"https:\/\/vinasfm.com\/noticias\/wp-json\/wp\/v2\/media?parent=112981"}],"wp:term":[{"taxonomy":"category","embeddable":true,"href":"https:\/\/vinasfm.com\/noticias\/wp-json\/wp\/v2\/categories?post=112981"},{"taxonomy":"post_tag","embeddable":true,"href":"https:\/\/vinasfm.com\/noticias\/wp-json\/wp\/v2\/tags?post=112981"}],"curies":[{"name":"wp","href":"https:\/\/api.w.org\/{rel}","templated":true}]}}