{"id":112941,"date":"2022-09-05T00:01:27","date_gmt":"2022-09-05T03:01:27","guid":{"rendered":"http:\/\/vinasfm.com\/noticias\/?p=112941"},"modified":"2022-09-05T10:41:29","modified_gmt":"2022-09-05T13:41:29","slug":"pronostico-asi-estaran-las-temperaturas-esta-semana","status":"publish","type":"post","link":"https:\/\/vinasfm.com\/noticias\/pronostico-asi-estaran-las-temperaturas-esta-semana\/","title":{"rendered":"PRON\u00d3STICO: C\u00d3MO ESTAR\u00c1 EL TIEMPO ESTA SEMANA EN LA REGI\u00d3N"},"content":{"rendered":"<h4><strong><span style=\"color: #000000;\">Para esta semana tendremos temperaturas primaverales hasta mitad de semana con vientos moderados en horas de las tarde con algo de nubosidad y leves probabilidades de lluvias aisladas finalizando la semana. M\u00e1xima de 26\u00baC y m\u00ednimas de 4\u00baC.<\/span><\/strong><\/h4>\n<p><span style=\"color: #000000;\"><strong>Hoy lunes<\/strong>, tendremos viento norte con r\u00e1fagas moderadas a fuertes en algunos sectores de nuestro departamento, cielo con poca nubosidad. <strong>M\u00e1xima de 25\u00baC y m\u00ednimas de 7\u00baC.<\/strong><\/span><\/p>\n<p><span style=\"color: #000000;\"><strong>Ma\u00f1ana martes<\/strong>, tendremos poco cambio de las temperaturas y un leve ascenso con vientos leves del noreste. <strong>M\u00e1xima de 26\u00baC y m\u00ednimas de 6\u00baC.<\/strong><\/span><\/p>\n<p><span style=\"color: #000000;\"><strong>A mitad de semana<\/strong>, habr\u00e1 cielo con poco cambio de la temperatura y vientos moderados del sudeste en zona de la precordillera. <strong>M\u00e1xima de 26\u00baC y m\u00ednimas de 7\u00baC.<\/strong><\/span><\/p>\n<p><span style=\"color: #000000;\">Para el<strong> d\u00eda jueves<\/strong>, cielo parcialmente nublado y ventoso con descenso de la temperaturas, leves probabilidades de lluvias aisladas y nevadas en la cordillera. <strong>M\u00e1xima de 15\u00baC y m\u00ednima de 9\u00baC.<\/strong><\/span><\/p>\n<p><span style=\"color: #000000;\"><strong>Finalizando la semana<\/strong>, cielo mayormente nublado con precipitaciones aisladas y nevadas en la cordillera con descenso de las temperaturas. <strong>M\u00e1ximas de 13\u00baC y m\u00ednimas de 4\u00baC.<\/strong><\/span><\/p>\n","protected":false},"excerpt":{"rendered":"<p>Para esta semana tendremos temperaturas primaverales hasta mitad de semana con vientos moderados en horas de las tarde con algo de &#8230;<\/p>\n","protected":false},"author":7,"featured_media":112949,"comment_status":"open","ping_status":"open","sticky":false,"template":"","format":"standard","meta":{"footnotes":""},"categories":[5,36],"tags":[],"class_list":["post-112941","post","type-post","status-publish","format-standard","has-post-thumbnail","hentry","category-actualidad","category-pronostico"],"_links":{"self":[{"href":"https:\/\/vinasfm.com\/noticias\/wp-json\/wp\/v2\/posts\/112941","targetHints":{"allow":["GET"]}}],"collection":[{"href":"https:\/\/vinasfm.com\/noticias\/wp-json\/wp\/v2\/posts"}],"about":[{"href":"https:\/\/vinasfm.com\/noticias\/wp-json\/wp\/v2\/types\/post"}],"author":[{"embeddable":true,"href":"https:\/\/vinasfm.com\/noticias\/wp-json\/wp\/v2\/users\/7"}],"replies":[{"embeddable":true,"href":"https:\/\/vinasfm.com\/noticias\/wp-json\/wp\/v2\/comments?post=112941"}],"version-history":[{"count":2,"href":"https:\/\/vinasfm.com\/noticias\/wp-json\/wp\/v2\/posts\/112941\/revisions"}],"predecessor-version":[{"id":112962,"href":"https:\/\/vinasfm.com\/noticias\/wp-json\/wp\/v2\/posts\/112941\/revisions\/112962"}],"wp:featuredmedia":[{"embeddable":true,"href":"https:\/\/vinasfm.com\/noticias\/wp-json\/wp\/v2\/media\/112949"}],"wp:attachment":[{"href":"https:\/\/vinasfm.com\/noticias\/wp-json\/wp\/v2\/media?parent=112941"}],"wp:term":[{"taxonomy":"category","embeddable":true,"href":"https:\/\/vinasfm.com\/noticias\/wp-json\/wp\/v2\/categories?post=112941"},{"taxonomy":"post_tag","embeddable":true,"href":"https:\/\/vinasfm.com\/noticias\/wp-json\/wp\/v2\/tags?post=112941"}],"curies":[{"name":"wp","href":"https:\/\/api.w.org\/{rel}","templated":true}]}}