{"id":112930,"date":"2022-09-05T23:59:42","date_gmt":"2022-09-06T02:59:42","guid":{"rendered":"http:\/\/vinasfm.com\/noticias\/?p=112930"},"modified":"2022-09-07T08:18:46","modified_gmt":"2022-09-07T11:18:46","slug":"juan-carlos-de-paolo-lo-que-no-cumplio-marcolini-no-es-malo-para-el-sino-para-alvear","status":"publish","type":"post","link":"https:\/\/vinasfm.com\/noticias\/juan-carlos-de-paolo-lo-que-no-cumplio-marcolini-no-es-malo-para-el-sino-para-alvear\/","title":{"rendered":"JUAN CARLOS DE PAOLO: &#8216;LO QUE NO CUMPLI\u00d3 MARCOLINI NO ES MALO PARA \u00c9L SINO PARA ALVEAR&#8217;"},"content":{"rendered":"<h4><span style=\"color: #000000;\"><strong>&#8216;<em>En mi caso si dej\u00e9 sucesor pol\u00edtico<\/em>&#8216;, estableci\u00f3\u00a0\u00a0Juan Carlos De Paolo (PJ), ex intendente de Alvear durante cuatro periodos no consecutivos, en un mano a mano con F.M. VI\u00d1AS, donde adem\u00e1s de evaluar la administraci\u00f3n de Walther Marcolini al frente de la comuna, fue autocr\u00edtico con su propia gesti\u00f3n y analiz\u00f3 la situaci\u00f3n del peronismo local.<\/strong><\/span><\/h4>\n<p><span style=\"color: #000000;\">Luego de mucho tiempo alejado de la vidriera pol\u00edtica y, por ende, del contacto con la prensa, el ex mandatario municipal en cuatro oportunidades habl\u00f3 en exclusiva con nuestro medio sin esquivar dar respuestas sobre diversos temas: &#8216;<strong><em>Luego de estar alejado, me he acercado al PJ local\u00a0\u00a0y a los compa\u00f1eros que trabajan hoy en el partido y lo est\u00e1n haciendo bastante bien. Se han movilizado, cosa que es importante, y me me hace acordar a otros tiempos cuando que uno era m\u00e1s joven y lamentablemente hoy volvemos a sentir que no estamos unidos los argentinos<\/em><\/strong>&#8216;, expres\u00f3 De Paolo, quien en la misma l\u00ednea asegur\u00f3: &#8216;<strong><em>Creo que puedo aportar mi granito de arena para una mayor fluidez<\/em><\/strong>&#8216;.<\/span><\/p>\n<p><span style=\"color: #000000;\"><strong>Claudio Lemos:<\/strong> Cada vez que hay elecciones, cada vez que hay un tema que involucra al PJ siempre se te nombra, siempre se trae tu nombre. Esto te preocupa o te satisface porque con 77 a\u00f1os y 4 intendencias, \u00bfTe deja un poco orgullo que siempre te nombran?<\/span><\/p>\n<p><span style=\"color: #000000;\"><strong>De Paolo:<\/strong> <em>Al ego le hacen muy bien pero no s\u00e9 si eso es lo trascendente es lo que vos dec\u00eds, que yo de cierta manera veo, que sirva para mejorar, por eso estoy trabajando y junt\u00e1ndome. Lo dije en alguna oportunidad, estaba excitado por algunas situaciones pero yo iba a estar donde el peronismo o la sociedad quisiera. Siempre digo que no hay que mirar donde est\u00e1 uno sino de donde est\u00e1 uno y mirar el conjunto. Creo que es bueno que aportemos todos.<\/em><\/span><\/p>\n<p><span style=\"color: #000000;\"><em>Me hubiera gustado mucho que el gobernador en vez de discutir o no si el feriado est\u00e1 bien se hubiese puesto a la cabeza de una manifestaci\u00f3n en pro de la paz y la conversaci\u00f3n. Y tratando de responder tu pregunta si, por supuesto uno siente una satisfacci\u00f3n que se acuerden y por el otro me siento obligado a seguir tratando de aportar en el objetivo que todos tenemos vivir m\u00e1s en paz, m\u00e1s felices.<\/em><\/span><\/p>\n<p><span style=\"color: #000000;\"><strong>Claudio Lemos:<\/strong> \u00bfPor qu\u00e9 no ha podido el peronismo recuperar el gobierno en Alvear y en Mendoza? \u00bfNo dejaron sucesor? A vos siempre se te achac\u00f3 que no dejaste sucesor.<\/span><\/p>\n<p><span style=\"color: #000000;\"><strong>De Paolo:<\/strong> <em>No, yo dej\u00e9 sucesor. Lo que pasa que no lo pude dejar en el gobierno como yo pretend\u00eda por razones pol\u00edticas porque yo termin\u00e9 mi gobierno con un presidente del HCD de partido opositor. Siempre uno se va y deja el presidente del HCD y yo nunca sab\u00eda si pod\u00eda dejar presidente del concejo deliberante. Son los juegos de las democracia y hay que respetarlo y creo que hay que respetar la decisi\u00f3n y voluntad de la gente y yo hice lo posible, quiz\u00e1s seguramente comet\u00ed errores e intent\u00e9 en el 2015 seguir en el gobierno municipal. Las cosas no se dieron por la pol\u00edtica y los errores que uno comete pero creo que nuevamente estamos junt\u00e1ndonos.<\/em><\/span><\/p>\n<p><span style=\"color: #000000;\"><strong>Claudio Lemos:<\/strong> \u00bfHablas con Marcolini? \u00bfHace mucho que no charlas con \u00e9l?<\/span><\/p>\n<p><span style=\"color: #000000;\"><strong>De Paolo:<\/strong> <em>La verdad creo que no hemos hablado nunca. El intendente me invita en casi todas las oportunidades, en algunas he ido y en otras no pero si existe la cordialidad que yo rescato.<\/em><\/span><\/p>\n<p><span style=\"color: #000000;\"><strong>Claudio Lemos:<\/strong> \u00bfQu\u00e9 te parece la gesti\u00f3n de Marcolini?<\/span><\/p>\n<p><span style=\"color: #000000;\"><strong>De Paolo:<\/strong> <em>Bueno, es dif\u00edcil ser objetivo de mi lugar.<\/em><\/span><\/p>\n<p><span style=\"color: #000000;\"><strong>Claudio Lemos:<\/strong> Quiero que la analices seg\u00fan de Paolo?<\/span><\/p>\n<p><span style=\"color: #000000;\"><strong>De Paolo:<\/strong> <em>Bueno, yo creo que ha tenido cosas positivas y negativas como todos, quiz\u00e1s como lo dije en una oportunidad, debi\u00e9ramos estar charlando con Marcolini porque sino es f\u00e1cil criticar, yo reitero que hay cosas positivas y negativas, lamentablemente los sue\u00f1os que el quer\u00eda no pudo cumplirlos y eso es malo para todos no solo para Marcolini.<\/em><\/span><\/p>\n<p><span style=\"color: #000000;\"><em>Si pudiera darle un consejo, como que es m\u00e1s joven, le dir\u00eda que redoble el esfuerzo y vamos para adelante. Cuando est\u00e1s ah\u00ed no podes ponerte a pensar tanto y ejecutar. Creo que es lo que estamos esperando y lamentablemente no hay que responsabilizar al intendente este cachetazo que nos ha dado el censo. Tiene que ver no solo con una pol\u00edtica municipal, sino provincial y nacional. Reitero, en alg\u00fan momento nos juntaremos y le dir\u00e9 las cosas que me parecen bien y me parecen mal.<\/em><\/span><\/p>\n<p><span style=\"color: #000000;\"><strong>Claudio Lemos:<\/strong> \u00bfEl PJ est\u00e1 en crisis o estuvo? Estoy hablando de si a nivel local hubo crisis de conducci\u00f3n o no pudieron acordar una lista en com\u00fan.<\/span><\/p>\n<p><span style=\"color: #000000;\"><strong>De Paolo:<\/strong> <em>Creo que los dirigentes, todav\u00eda me incluyo, cometimos muchos errores por cuestiones personales y los errores se pagan y la gente los vio y fue as\u00ed. Lo que pas\u00f3 es que no pudimos seducir como en otras oportunidades y esto no es culpa de uno, es culpa de un conjunto, as\u00ed que bueno tendremos que mejorar.<\/em><\/span><\/p>\n<p><span style=\"color: #000000;\"><strong>Claudio Lemos:<\/strong> Hay que presentar un proyecto, ir detr\u00e1s de ese proyecto m\u00e1s all\u00e1 de los egos y los nombres, \u00bfLa idea es esa?<\/span><\/p>\n<p><span style=\"color: #000000;\"><strong>De Paolo:<\/strong> <em>La idea es aquella figura, aquellos candidatos que tambi\u00e9n seduzcan a todos. Nos pasa que siempre y sobre todo local, la cabeza es lo m\u00e1s importante y luego la gente mira la cabeza. Hay que buscar una buena referencia que est\u00e9 dispuesta porque son tiempos dif\u00edciles, porque tiene que estar dispuesto a ocupar esos lugares y sobre todo como vos dec\u00edas, en esta etapa confusa es dif\u00edcil hay que encontrar el hombre o mujer con voluntad de protagonizar.<\/em><\/span><\/p>\n<p><span style=\"color: #000000;\"><strong>Claudio Lemos:<\/strong> \u00bfQu\u00e9 le gusta a los alvearenses de los candidatos?<\/span><\/p>\n<p><span style=\"color: #000000;\"><strong>De Paolo:<\/strong> <em>Candidatos moderados, que sean capaces de entender que la pol\u00edtica no es una visi\u00f3n estancada y digamos hay que generar los pasos comunicantes y ser capaz de escuchar y a veces uno en la pasi\u00f3n se vuelve sordo y ciego por eso yo creo que si logramos esto el peronismo puede volver a seducir a esta comunidad.<\/em><\/span><\/p>\n<p><span style=\"color: #000000;\"><em> Se lograron cosas, hay mucho para hacer pero la gente est\u00e1 reclamando que abordemos la realidad de este departamento. No solo vamos a hablar de las cosas que podr\u00eda hacer la municipalidad sino gestionar temas tan importantes que ya los est\u00e1 haciendo el intendente como es el Trasvase y nosotros.<\/em><\/span><\/p>\n","protected":false},"excerpt":{"rendered":"<p>&#8216;En mi caso si dej\u00e9 sucesor pol\u00edtico&#8216;, estableci\u00f3\u00a0\u00a0Juan Carlos De Paolo (PJ), ex intendente de Alvear durante cuatro periodos no consecutivos, &#8230;<\/p>\n","protected":false},"author":8,"featured_media":734,"comment_status":"open","ping_status":"open","sticky":false,"template":"","format":"standard","meta":{"footnotes":""},"categories":[5,7],"tags":[],"class_list":["post-112930","post","type-post","status-publish","format-standard","has-post-thumbnail","hentry","category-actualidad","category-politica"],"_links":{"self":[{"href":"https:\/\/vinasfm.com\/noticias\/wp-json\/wp\/v2\/posts\/112930","targetHints":{"allow":["GET"]}}],"collection":[{"href":"https:\/\/vinasfm.com\/noticias\/wp-json\/wp\/v2\/posts"}],"about":[{"href":"https:\/\/vinasfm.com\/noticias\/wp-json\/wp\/v2\/types\/post"}],"author":[{"embeddable":true,"href":"https:\/\/vinasfm.com\/noticias\/wp-json\/wp\/v2\/users\/8"}],"replies":[{"embeddable":true,"href":"https:\/\/vinasfm.com\/noticias\/wp-json\/wp\/v2\/comments?post=112930"}],"version-history":[{"count":2,"href":"https:\/\/vinasfm.com\/noticias\/wp-json\/wp\/v2\/posts\/112930\/revisions"}],"predecessor-version":[{"id":112942,"href":"https:\/\/vinasfm.com\/noticias\/wp-json\/wp\/v2\/posts\/112930\/revisions\/112942"}],"wp:featuredmedia":[{"embeddable":true,"href":"https:\/\/vinasfm.com\/noticias\/wp-json\/wp\/v2\/media\/734"}],"wp:attachment":[{"href":"https:\/\/vinasfm.com\/noticias\/wp-json\/wp\/v2\/media?parent=112930"}],"wp:term":[{"taxonomy":"category","embeddable":true,"href":"https:\/\/vinasfm.com\/noticias\/wp-json\/wp\/v2\/categories?post=112930"},{"taxonomy":"post_tag","embeddable":true,"href":"https:\/\/vinasfm.com\/noticias\/wp-json\/wp\/v2\/tags?post=112930"}],"curies":[{"name":"wp","href":"https:\/\/api.w.org\/{rel}","templated":true}]}}