{"id":112923,"date":"2022-09-05T23:30:41","date_gmt":"2022-09-06T02:30:41","guid":{"rendered":"http:\/\/vinasfm.com\/noticias\/?p=112923"},"modified":"2022-09-06T08:17:25","modified_gmt":"2022-09-06T11:17:25","slug":"incendios-el-ultimo-bimestre-bomberos-tuvo-150-intervenciones-en-alvear","status":"publish","type":"post","link":"https:\/\/vinasfm.com\/noticias\/incendios-el-ultimo-bimestre-bomberos-tuvo-150-intervenciones-en-alvear\/","title":{"rendered":"INCENDIOS: EL \u00daLTIMO BIMESTRE, BOMBEROS TUVO 150 INTERVENCIONES EN ALVEAR"},"content":{"rendered":"<h4><span style=\"color: #000000;\"><strong>Durante esta parte del a\u00f1o el departamento sure\u00f1o atraviesa un momento complicado por las condiciones clim\u00e1ticas.<\/strong><\/span><\/h4>\n<p><span style=\"color: #000000;\">Durante esta parte del a\u00f1o el departamento sure\u00f1o atraviesa un momento complicado por las condiciones clim\u00e1ticas. A la falta de lluvias y los vientos caracter\u00edsticos en General Alvear del mes de agosto y principio de septiembre se le suman las <strong>malas pr\u00e1cticas de utilizar el fuego como herramienta de limpieza en terrenos, malezas y fincas<\/strong>, convirti\u00e9ndose es un combo perfecto para que se produzcan cientos de incendios con afectaci\u00f3n de varias hect\u00e1reas y el riesgo de propagaci\u00f3n hacia viviendas o sectores productivos.<\/span><\/p>\n<p><span style=\"color: #000000;\"><strong>En los 2 \u00faltimos meses de julio y agosto, solo el cuartel de Bomberos de General Alvear tuvo un total de 150 intervenciones de las cuales 120 corresponden a incendios forestales<\/strong>, el resto se divide en siniestros vehiculares o de viviendas. A esta cantidad de salidas hay que sumarles las que registran brigadistas del PPMF y bomberos voluntarios.<\/span><\/p>\n<p><span style=\"color: #000000;\">La gran mayor\u00eda de los incendios de malezas se dan por la imprudencia del hombre. \u201c<strong><em>Estos incendios tienen en su totalidad participaci\u00f3n humana para iniciarlos, resta determinar si tienen car\u00e1cter intencional o accidental en cuanto a tratar de limpiar terrenos y perder el control con estas condiciones del viento en Alvear que tiene caracter\u00edsticas particulares cambiando de direcci\u00f3n constantemente<\/em><\/strong>\u201d, explic\u00f3 el principal Rodrigo V\u00e1squez.<\/span><\/p>\n<p><span style=\"color: #000000;\">Las salidas diarias del personal de bombero para acudir a incendios de malezas se dan en cualquier momento, \u201c<strong><em>hay salidas desde la ma\u00f1ana a la noche y los focos \u00edgneos son de magnitudes importantes<\/em><\/strong>\u201d.<\/span><\/p>\n<p><span style=\"color: #000000;\">Desde bomberos apelan a la toma de conciencia para evitar alg\u00fan hecho lamentable, adem\u00e1s remarcaron que la quema de malezas est\u00e1 totalmente prohibida siendo los infractores pasibles de multas econ\u00f3micas.<\/span><\/p>\n<h5><span style=\"color: #000000;\">Fuente: diariomendoza.<\/span><\/h5>\n","protected":false},"excerpt":{"rendered":"<p>Durante esta parte del a\u00f1o el departamento sure\u00f1o atraviesa un momento complicado por las condiciones clim\u00e1ticas. Durante esta parte del a\u00f1o &#8230;<\/p>\n","protected":false},"author":8,"featured_media":41522,"comment_status":"open","ping_status":"open","sticky":false,"template":"","format":"standard","meta":{"footnotes":""},"categories":[5,76],"tags":[],"class_list":["post-112923","post","type-post","status-publish","format-standard","has-post-thumbnail","hentry","category-actualidad","category-bomberos"],"_links":{"self":[{"href":"https:\/\/vinasfm.com\/noticias\/wp-json\/wp\/v2\/posts\/112923","targetHints":{"allow":["GET"]}}],"collection":[{"href":"https:\/\/vinasfm.com\/noticias\/wp-json\/wp\/v2\/posts"}],"about":[{"href":"https:\/\/vinasfm.com\/noticias\/wp-json\/wp\/v2\/types\/post"}],"author":[{"embeddable":true,"href":"https:\/\/vinasfm.com\/noticias\/wp-json\/wp\/v2\/users\/8"}],"replies":[{"embeddable":true,"href":"https:\/\/vinasfm.com\/noticias\/wp-json\/wp\/v2\/comments?post=112923"}],"version-history":[{"count":2,"href":"https:\/\/vinasfm.com\/noticias\/wp-json\/wp\/v2\/posts\/112923\/revisions"}],"predecessor-version":[{"id":112972,"href":"https:\/\/vinasfm.com\/noticias\/wp-json\/wp\/v2\/posts\/112923\/revisions\/112972"}],"wp:featuredmedia":[{"embeddable":true,"href":"https:\/\/vinasfm.com\/noticias\/wp-json\/wp\/v2\/media\/41522"}],"wp:attachment":[{"href":"https:\/\/vinasfm.com\/noticias\/wp-json\/wp\/v2\/media?parent=112923"}],"wp:term":[{"taxonomy":"category","embeddable":true,"href":"https:\/\/vinasfm.com\/noticias\/wp-json\/wp\/v2\/categories?post=112923"},{"taxonomy":"post_tag","embeddable":true,"href":"https:\/\/vinasfm.com\/noticias\/wp-json\/wp\/v2\/tags?post=112923"}],"curies":[{"name":"wp","href":"https:\/\/api.w.org\/{rel}","templated":true}]}}