{"id":112862,"date":"2022-09-03T23:59:53","date_gmt":"2022-09-04T02:59:53","guid":{"rendered":"http:\/\/vinasfm.com\/noticias\/?p=112862"},"modified":"2022-09-05T10:41:45","modified_gmt":"2022-09-05T13:41:45","slug":"aprehendieron-a-los-tres-vandalos-que-ocasionaron-danos-en-el-cajero-automatico-de-real-del-padre","status":"publish","type":"post","link":"https:\/\/vinasfm.com\/noticias\/aprehendieron-a-los-tres-vandalos-que-ocasionaron-danos-en-el-cajero-automatico-de-real-del-padre\/","title":{"rendered":"APREHENDIERON A LOS TRES V\u00c1NDALOS QUE OCASIONARON DA\u00d1OS EN EL CAJERO AUTOM\u00c1TICO DE REAL DEL PADRE"},"content":{"rendered":"<h4><span style=\"color: #000000;\"><strong>El fin de semana, seg\u00fan lo que se pudo reconstruir gracias a las c\u00e1maras de seguridad y al testimonio de vecinos, tres sujetos fueron los que causaron destrozos en el reducto donde se encuentra el dispensador de dinero del Banco Naci\u00f3n en Real del Padre.<\/strong><\/span><\/h4>\n<p><span style=\"color: #000000;\">Seg\u00fan confirm\u00f3 personal de la Unidad Investigativa a<strong><em> F.M. VI\u00d1AS<\/em><\/strong>, este jueves se realizaron tres allanamientos con resultado positivo ya que se logr\u00f3 la detenci\u00f3n de <strong>dos mayores de 19 a\u00f1os y 24 a\u00f1os<\/strong>, y <strong>un menor de 17 a\u00f1os,\u00a0<\/strong>se\u00f1alados como los autores de dicho acto vand\u00e1lico.<\/span><\/p>\n<p><span style=\"color: #000000;\">Conforme la diligencia judicial, el primer operativo se hizo en una casa de <strong>calle Col\u00f3n al 200 en Alvear<\/strong>, donde se detuvo a <strong>un sujeto de 19 a\u00f1os<\/strong>, el segundo en una vivienda de<strong> calle Almer\u00eda al 100 en Alvear<\/strong> donde qued\u00f3 detenido <strong>un joven de 24 a\u00f1os<\/strong>, y en tercero en una propiedad ubicada en <strong>calle Los Andes en Real del Padre<\/strong> donde aprehendi\u00f3 a <strong>un menor de 17 a\u00f1os<\/strong>.<\/span><\/p>\n<p><span style=\"color: #000000;\">Adem\u00e1s, en los allanamientos, se secuestraron prendas de vestir y celulares, a disposici\u00f3n de la<strong> Unidad Fiscal de Comisar\u00eda 26\u00b0<\/strong>.<\/span><\/p>\n<p><a href=\"http:\/\/vinasfm.com\/noticias\/wp-content\/uploads\/2022\/09\/3b12ab2e-f0dc-441b-9de4-f9385c70d8c8.jpg\"><img loading=\"lazy\" decoding=\"async\" class=\" wp-image-112863 aligncenter\" src=\"http:\/\/vinasfm.com\/noticias\/wp-content\/uploads\/2022\/09\/3b12ab2e-f0dc-441b-9de4-f9385c70d8c8-300x142.jpg\" alt=\"\" width=\"570\" height=\"270\" srcset=\"https:\/\/vinasfm.com\/noticias\/wp-content\/uploads\/2022\/09\/3b12ab2e-f0dc-441b-9de4-f9385c70d8c8-300x142.jpg 300w, https:\/\/vinasfm.com\/noticias\/wp-content\/uploads\/2022\/09\/3b12ab2e-f0dc-441b-9de4-f9385c70d8c8-1024x484.jpg 1024w, https:\/\/vinasfm.com\/noticias\/wp-content\/uploads\/2022\/09\/3b12ab2e-f0dc-441b-9de4-f9385c70d8c8-768x363.jpg 768w, https:\/\/vinasfm.com\/noticias\/wp-content\/uploads\/2022\/09\/3b12ab2e-f0dc-441b-9de4-f9385c70d8c8.jpg 1280w\" sizes=\"auto, (max-width: 570px) 100vw, 570px\" \/><\/a><\/p>\n","protected":false},"excerpt":{"rendered":"<p>El fin de semana, seg\u00fan lo que se pudo reconstruir gracias a las c\u00e1maras de seguridad y al testimonio de vecinos, &#8230;<\/p>\n","protected":false},"author":8,"featured_media":112715,"comment_status":"open","ping_status":"open","sticky":false,"template":"","format":"standard","meta":{"footnotes":""},"categories":[5,4],"tags":[],"class_list":["post-112862","post","type-post","status-publish","format-standard","has-post-thumbnail","hentry","category-actualidad","category-policiales"],"_links":{"self":[{"href":"https:\/\/vinasfm.com\/noticias\/wp-json\/wp\/v2\/posts\/112862","targetHints":{"allow":["GET"]}}],"collection":[{"href":"https:\/\/vinasfm.com\/noticias\/wp-json\/wp\/v2\/posts"}],"about":[{"href":"https:\/\/vinasfm.com\/noticias\/wp-json\/wp\/v2\/types\/post"}],"author":[{"embeddable":true,"href":"https:\/\/vinasfm.com\/noticias\/wp-json\/wp\/v2\/users\/8"}],"replies":[{"embeddable":true,"href":"https:\/\/vinasfm.com\/noticias\/wp-json\/wp\/v2\/comments?post=112862"}],"version-history":[{"count":1,"href":"https:\/\/vinasfm.com\/noticias\/wp-json\/wp\/v2\/posts\/112862\/revisions"}],"predecessor-version":[{"id":112866,"href":"https:\/\/vinasfm.com\/noticias\/wp-json\/wp\/v2\/posts\/112862\/revisions\/112866"}],"wp:featuredmedia":[{"embeddable":true,"href":"https:\/\/vinasfm.com\/noticias\/wp-json\/wp\/v2\/media\/112715"}],"wp:attachment":[{"href":"https:\/\/vinasfm.com\/noticias\/wp-json\/wp\/v2\/media?parent=112862"}],"wp:term":[{"taxonomy":"category","embeddable":true,"href":"https:\/\/vinasfm.com\/noticias\/wp-json\/wp\/v2\/categories?post=112862"},{"taxonomy":"post_tag","embeddable":true,"href":"https:\/\/vinasfm.com\/noticias\/wp-json\/wp\/v2\/tags?post=112862"}],"curies":[{"name":"wp","href":"https:\/\/api.w.org\/{rel}","templated":true}]}}