{"id":112832,"date":"2022-09-03T23:59:27","date_gmt":"2022-09-04T02:59:27","guid":{"rendered":"http:\/\/vinasfm.com\/noticias\/?p=112832"},"modified":"2022-09-05T10:42:17","modified_gmt":"2022-09-05T13:42:17","slug":"los-nuevos-emprendimientos-estaran-exceptuados-de-pagar-tributos-municipales","status":"publish","type":"post","link":"https:\/\/vinasfm.com\/noticias\/los-nuevos-emprendimientos-estaran-exceptuados-de-pagar-tributos-municipales\/","title":{"rendered":"LOS NUEVOS EMPRENDIMIENTOS ESTAR\u00c1N EXCEPTUADOS DE PAGAR TRIBUTOS MUNICIPALES"},"content":{"rendered":"<h4><span style=\"color: #000000;\"><strong>En la \u00faltima sesi\u00f3n del Honorable Concejo Delibrante, los ediles aprobaron un proyecto presentado por Mabel Uccelli y Adri\u00e1n Caltabiano del bloque UCR que consiste en la creaci\u00f3n del r\u00e9gimen de promoci\u00f3n econ\u00f3mica que estimular\u00e1 la inversi\u00f3n privada en el departamento garantiz\u00e1ndoles beneficios que llegan para sumarse a los diferentes programas que ofrece el Municipio de General Alvear.<\/strong><\/span><\/h4>\n<p><span style=\"color: #000000;\">Consultada sobre la iniciativa, la <strong>Presidente del Concejo Deliberante Mabel Uccelli<\/strong> explic\u00f3 en di\u00e1logo con F.M. VI\u00d1AS: &#8216;<strong><em>Es una ordenanza orientada especialmente en la actividad econ\u00f3mica de la parte privada de nuestro departamento, estamos buscando dar un peque\u00f1o estimulo que aliente a muchos comercios porque no a alguna industria a que miren a General Alvear como opci\u00f3n de instalarse y as\u00ed generar mano de obra<\/em><\/strong>&#8216;.<\/span><\/p>\n<p><span style=\"color: #000000;\">En este sentido, la edil indic\u00f3 que &#8216;<strong><em>este proyecto comenz\u00f3 a comienzos de mes de abril donde planteamos esta posibilidad viendo lo que suced\u00eda en otros departamentos de la provincia en los cuales ya se empez\u00f3 a trabajar con una ordenanza en este sentido. Fue all\u00ed donde empezamos a propon\u00e9rselo al Ejecutivo de buscar la manera en la que nosotros tambi\u00e9n podamos ofertar hacia la parte comercial y empresarial a trav\u00e9s de las tasas municipales que sabemos que no es mucho pero todo suma y todo estimula a poder iniciarse<\/em><\/strong>&#8216; <\/span><\/p>\n<p><span style=\"color: #000000;\">Detallando los beneficios impositivos a los que acceder\u00e1n quienes decidan emprender en Alvar, Uccelli explic\u00f3: &#8216;<strong><em>Ser\u00eda durante dos a\u00f1os para quienes se inicien en la actividad comercial. Tiene que ver con lo que es derecho de inspecci\u00f3n, derecho a la propiedad ra\u00edz y todos los tramites que conlleva la habilitaci\u00f3n municipal como as\u00ed darles la oportunidad de la publicidad mediante la pagina web del municipio durante estos dos a\u00f1os de vigencia. A su vez quer\u00eda aclarar que tambi\u00e9n se suma un concejal de nuestro bloque que es Adri\u00e1n Caltabiano<\/em><\/strong>&#8216;.<\/span><\/p>\n<ul>\n<li><span style=\"color: #000000;\">Exenci\u00f3n del %100 de tasas de los derechos de comercio, industria y servicios por el t\u00e9rmino de 2 a\u00f1os para nuevos emprendimientos.<\/span><\/li>\n<li><span style=\"color: #000000;\">M\u00e1s a\u00f1os de beneficios para emprendimientos que se radiquen en Distritos de Gral. Alvear<\/span><\/li>\n<li><span style=\"color: #000000;\">Mayor est\u00edmulo para quienes contraten personal en relaci\u00f3n de dependencia.<\/span><\/li>\n<\/ul>\n<p><span style=\"color: #000000;\">Respecto a los requisitos que deben cumplir los nuevos comerciantes y\/o emprendedores para acceder, manifest\u00f3: &#8216;<em><strong>Son exclusivamente para quienes est\u00e9n iniciando, los cuales<\/strong> <strong>se tiene que dirigir a la Delegaci\u00f3n de Rentas. Esto aun no est\u00e1 en vigencia porque ha sido aprobado el jueves de la semana pasada y tiene que estar promulgado<\/strong><\/em>&#8216;.<\/span><\/p>\n","protected":false},"excerpt":{"rendered":"<p>En la \u00faltima sesi\u00f3n del Honorable Concejo Delibrante, los ediles aprobaron un proyecto presentado por Mabel Uccelli y Adri\u00e1n Caltabiano del &#8230;<\/p>\n","protected":false},"author":8,"featured_media":46893,"comment_status":"open","ping_status":"open","sticky":false,"template":"","format":"standard","meta":{"footnotes":""},"categories":[5,10],"tags":[],"class_list":["post-112832","post","type-post","status-publish","format-standard","has-post-thumbnail","hentry","category-actualidad","category-destacadas"],"_links":{"self":[{"href":"https:\/\/vinasfm.com\/noticias\/wp-json\/wp\/v2\/posts\/112832","targetHints":{"allow":["GET"]}}],"collection":[{"href":"https:\/\/vinasfm.com\/noticias\/wp-json\/wp\/v2\/posts"}],"about":[{"href":"https:\/\/vinasfm.com\/noticias\/wp-json\/wp\/v2\/types\/post"}],"author":[{"embeddable":true,"href":"https:\/\/vinasfm.com\/noticias\/wp-json\/wp\/v2\/users\/8"}],"replies":[{"embeddable":true,"href":"https:\/\/vinasfm.com\/noticias\/wp-json\/wp\/v2\/comments?post=112832"}],"version-history":[{"count":4,"href":"https:\/\/vinasfm.com\/noticias\/wp-json\/wp\/v2\/posts\/112832\/revisions"}],"predecessor-version":[{"id":112857,"href":"https:\/\/vinasfm.com\/noticias\/wp-json\/wp\/v2\/posts\/112832\/revisions\/112857"}],"wp:featuredmedia":[{"embeddable":true,"href":"https:\/\/vinasfm.com\/noticias\/wp-json\/wp\/v2\/media\/46893"}],"wp:attachment":[{"href":"https:\/\/vinasfm.com\/noticias\/wp-json\/wp\/v2\/media?parent=112832"}],"wp:term":[{"taxonomy":"category","embeddable":true,"href":"https:\/\/vinasfm.com\/noticias\/wp-json\/wp\/v2\/categories?post=112832"},{"taxonomy":"post_tag","embeddable":true,"href":"https:\/\/vinasfm.com\/noticias\/wp-json\/wp\/v2\/tags?post=112832"}],"curies":[{"name":"wp","href":"https:\/\/api.w.org\/{rel}","templated":true}]}}