{"id":112825,"date":"2022-09-04T22:08:01","date_gmt":"2022-09-05T01:08:01","guid":{"rendered":"http:\/\/vinasfm.com\/noticias\/?p=112825"},"modified":"2022-09-05T10:41:40","modified_gmt":"2022-09-05T13:41:40","slug":"alvear-entre-las-9-comunas-beneficiadas-con-el-programa-de-inversion-productiva-municipal","status":"publish","type":"post","link":"https:\/\/vinasfm.com\/noticias\/alvear-entre-las-9-comunas-beneficiadas-con-el-programa-de-inversion-productiva-municipal\/","title":{"rendered":"ALVEAR ENTRE LAS 9 COMUNAS BENEFICIADAS CON EL PROGRAMA DE INVERSI\u00d3N PRODUCTIVA MUNICIPAL"},"content":{"rendered":"<h4><span style=\"color: #000000;\"><strong>Con un presupuesto de $4500 millones a distribuir bajo un criterio objetivo y transparente calculado en base al \u00edndice de coparticipaci\u00f3n municipal, el objetivo es financiar a municipios en sus proyectos estrat\u00e9gicos de car\u00e1cter productivo y que promuevan el desarrollo econ\u00f3mico local.<\/strong><\/span><\/h4>\n<p><span style=\"color: #000000;\">El Gobierno de Mendoza, a trav\u00e9s del Decreto 333, avanza en la implementaci\u00f3n del Programa de Inversi\u00f3n Productiva Municipal. Desde su lanzamiento, todos los municipios presentaron sus propuestas, se han firmado convenios con 9 comunas y se contin\u00faan desarrollando proyectos que promuevan el desarrollo econ\u00f3mico de la provincia.<\/span><\/p>\n<p><span style=\"color: #000000;\">El programa busca incentivar proyectos que tengan como eje el impacto en la producci\u00f3n y el desarrollo econ\u00f3mico (acceso a los servicios b\u00e1sicos, obras hidr\u00e1ulicas, intervenciones de los entornos con equipamientos), infraestructura vial en caminos productivos (renovaci\u00f3n de calzadas, pavimentaci\u00f3n, accesos, se\u00f1alizaci\u00f3n) y otros proyectos de inversi\u00f3n que sean de car\u00e1cter productivo y promueven el desarrollo econ\u00f3mico local.<\/span><\/p>\n<p><span style=\"color: #000000;\">Para participar en el programa, cada municipio presenta sus proyectos\u00a0 estrat\u00e9gicos y la Provincia aporta fondos por hasta el 50% de los costos de inversi\u00f3n.<\/span><\/p>\n<p><span style=\"color: #000000;\">El programa cuenta con un presupuesto total para el 2022 de $4500 millones que ser\u00e1n distribuidos entre las distintas comunas siguiendo el criterio del \u00edndice de coparticipaci\u00f3n municipal (basado fundamentalmente en la densidad poblacional del municipio) asegurando, de esta manera, un criterio objetivo y equitativo en la distribuci\u00f3n de los fondos.<\/span><\/p>\n<p><span style=\"color: #000000;\">Hasta el momento, se han firmado un total de 15 proyectos con 9 municipios:<\/span><\/p>\n<p><span style=\"color: #000000;\"><strong>General Alvear<\/strong>. Proyecto de mejora de la superficie pavimentada actual y pavimentaci\u00f3n en zonas de la trama urbano-comercial, rural e industrial del departamento. Proyecto de adquisici\u00f3n de maquinaria para la mejora de los servicios de recolecci\u00f3n de residuos, asistencia y fortalecimiento del Centro de Servicios Agr\u00edcolas e incremento del desarrollo de la red de agua y cloacas en un 20%.<\/span><\/p>\n<p><span style=\"color: #000000;\"><strong>Ciudad<\/strong>. Proyecto de revalorizaci\u00f3n de veredas de la avenida Col\u00f3n. El objetivo es mejorar las veredas y acequias de esta importante calle c\u00e9ntrica que se encuentran en estado deteriorado debido al paso de los a\u00f1os y el gran flujo peatonal.<\/span><\/p>\n<p><span style=\"color: #000000;\"><strong>Godoy Cruz<\/strong>. Proyecto de remodelaci\u00f3n de la infraestructura vial para la calle Joaqu\u00edn V. Gonz\u00e1lez desde calle Tiburcio Benegas hasta calle Laguna del Diamante.- Proyecto de remodelaci\u00f3n de la infraestructura vial para la calle 9 de Julio desde Rodr\u00edguez Pe\u00f1a hasta Alsina.<\/span><\/p>\n<p><span style=\"color: #000000;\"><strong>Guaymall\u00e9n<\/strong>-.Proyecto integral de recuperaci\u00f3n y ordenamiento del espacio p\u00fablico del carril Godoy Cruz y la calle Higueritas- Proyecto de Planta de Tratamiento de Residuos Secos-Centro Verde Municipal\u00a0\u2013 Proyecto Integral de Recuperaci\u00f3n y Ordenamiento de la calle Elpidio Gonz\u00e1lez.<\/span><\/p>\n<p><span style=\"color: #000000;\"><strong>La Paz<\/strong>. Proyecto de adecuaci\u00f3n de Planta de Faenamiento municipal y revalorizaci\u00f3n de los desechos producidos.<\/span><\/p>\n<p><span style=\"color: #000000;\"><strong>Luj\u00e1n de Cuyo<\/strong>. Proyecto de remodelaci\u00f3n de la Calle Guardia Vieja de Vistalba.<\/span><\/p>\n<p><span style=\"color: #000000;\"><strong>San Mart\u00edn<\/strong>. Proyecto de red de ciclov\u00edas.<\/span><\/p>\n<p><span style=\"color: #000000;\"><strong>San Rafae<\/strong>l. Proyecto de equipamiento del parque industrial- Proyecto de equipamiento de La Pulpera. Proyecto de iluminaci\u00f3n de la avenida De\u00e1n Funes entre las calles Los Sauces y Los Filtros.<\/span><\/p>\n<p><span style=\"color: #000000;\"><strong>Tunuy\u00e1n<\/strong>. Proyecto de mejora de infraestructura vial del Parque La Lombard\u00eda.<\/span><\/p>\n","protected":false},"excerpt":{"rendered":"<p>Con un presupuesto de $4500 millones a distribuir bajo un criterio objetivo y transparente calculado en base al \u00edndice de coparticipaci\u00f3n &#8230;<\/p>\n","protected":false},"author":8,"featured_media":110784,"comment_status":"open","ping_status":"open","sticky":false,"template":"","format":"standard","meta":{"footnotes":""},"categories":[5,29],"tags":[],"class_list":["post-112825","post","type-post","status-publish","format-standard","has-post-thumbnail","hentry","category-actualidad","category-obras-y-servicios"],"_links":{"self":[{"href":"https:\/\/vinasfm.com\/noticias\/wp-json\/wp\/v2\/posts\/112825","targetHints":{"allow":["GET"]}}],"collection":[{"href":"https:\/\/vinasfm.com\/noticias\/wp-json\/wp\/v2\/posts"}],"about":[{"href":"https:\/\/vinasfm.com\/noticias\/wp-json\/wp\/v2\/types\/post"}],"author":[{"embeddable":true,"href":"https:\/\/vinasfm.com\/noticias\/wp-json\/wp\/v2\/users\/8"}],"replies":[{"embeddable":true,"href":"https:\/\/vinasfm.com\/noticias\/wp-json\/wp\/v2\/comments?post=112825"}],"version-history":[{"count":2,"href":"https:\/\/vinasfm.com\/noticias\/wp-json\/wp\/v2\/posts\/112825\/revisions"}],"predecessor-version":[{"id":112931,"href":"https:\/\/vinasfm.com\/noticias\/wp-json\/wp\/v2\/posts\/112825\/revisions\/112931"}],"wp:featuredmedia":[{"embeddable":true,"href":"https:\/\/vinasfm.com\/noticias\/wp-json\/wp\/v2\/media\/110784"}],"wp:attachment":[{"href":"https:\/\/vinasfm.com\/noticias\/wp-json\/wp\/v2\/media?parent=112825"}],"wp:term":[{"taxonomy":"category","embeddable":true,"href":"https:\/\/vinasfm.com\/noticias\/wp-json\/wp\/v2\/categories?post=112825"},{"taxonomy":"post_tag","embeddable":true,"href":"https:\/\/vinasfm.com\/noticias\/wp-json\/wp\/v2\/tags?post=112825"}],"curies":[{"name":"wp","href":"https:\/\/api.w.org\/{rel}","templated":true}]}}