{"id":112822,"date":"2022-09-03T23:59:39","date_gmt":"2022-09-04T02:59:39","guid":{"rendered":"http:\/\/vinasfm.com\/noticias\/?p=112822"},"modified":"2022-09-05T10:41:51","modified_gmt":"2022-09-05T13:41:51","slug":"seguro-agricola-el-periodo-para-adherir-se-extiende-hasta-el-15-de-septiembre","status":"publish","type":"post","link":"https:\/\/vinasfm.com\/noticias\/seguro-agricola-el-periodo-para-adherir-se-extiende-hasta-el-15-de-septiembre\/","title":{"rendered":"SEGURO AGR\u00cdCOLA: EL PERIODO PARA ADHERIR SE EXTIENDE HASTA EL 15 DE SEPTIEMBRE"},"content":{"rendered":"<h4><span style=\"color: #000000;\"><strong>La Direcci\u00f3n de Contingencias Clim\u00e1ticas (DCC) extender\u00e1 el plazo para adherirse al Seguro Agr\u00edcola y Fondo Compensador. Hasta el 15 de septiembre las personas interesadas en participar en la Campa\u00f1a 2022-23 podr\u00e1n pagar la primera cuota de aporte anual.<\/strong><\/span><\/h4>\n<p><span style=\"color: #000000;\">El Director de Agricultura, Ganader\u00eda y Faena Agust\u00edn Anzorena inform\u00f3 que &#8216;<strong><em>se efectu\u00f3 la pr\u00f3rroga del vencimiento de la primera cuota y del pago anual, correspondiente al Seguro Agr\u00edcola, temporada 2022-2023, hasta el jueves 15 de septiembre. Los productores deber\u00e1n descargar las boletas con la nueva fecha desde la p\u00e1gina web de contingencias<\/em><\/strong>&#8216;.<\/span><\/p>\n<p><span style=\"color: #000000;\">Los boletos de pago se pueden descargar del sitio de la DCC<\/span>\u00a0<a href=\"http:\/\/www.mendoza.gov.ar\/contingencias\/%20y%20abonar%20en%20sucursales%20de%20Banco\" target=\"_blank\" rel=\"noreferrer noopener\">http:\/\/www.mendoza.gov.ar\/contingencias\/\u00a0y abonar en sucursales de Banco<\/a>\u00a0<span style=\"color: #000000;\">Naci\u00f3n, Rapi Pago y Bolsa de Comercio.<\/span><\/p>\n<p><span style=\"color: #000000;\">&#8216;<strong><em>Se prorroga 15 d\u00edas m\u00e1s el pago para adherir al Seguro Agr\u00edcola, por problemas de papeles, modificaciones en algunos RUT, entonces no se ve reflejado en las boletas de pago el mencionado Seguro<\/em><\/strong>&#8216;, detall\u00f3 el funcionario e invit\u00f3 a los productores que est\u00e9n en condiciones a adherirse.<\/span><\/p>\n<p><span style=\"color: #000000;\">Anzorena record\u00f3 que: &#8216;<strong><em>Ya tuvimos un flagelo por helada el pasado domingo a la madrugada, el Seguro Agr\u00edcola viene a compensar un poco el da\u00f1o en la temporada que reci\u00e9n comienza. El productor debe hacer un esfuerzo para adherir, la primera cuota representa la adhesi\u00f3n al sistema<\/em><\/strong>&#8216;.<\/span><\/p>\n<p><span style=\"color: #000000;\">El productor va a pagar $4312 por hect\u00e1rea, ese es el canon de compensaci\u00f3n de da\u00f1o al 100%. Adem\u00e1s, aument\u00f3 la compensaci\u00f3n significativamente un 80%, eso ser\u00eda $72.000 por hect\u00e1rea. &#8216;<strong><em>Si bien no alcanza a cubrir los costos es un incentivo, dado que si el productor sufre una contingencia sabe que algo va a cobrar<\/em><\/strong>&#8216;.<\/span><\/p>\n<p><span style=\"color: #000000;\">Respecto al inter\u00e9s por parte de los productores de adherir al Seguro Agr\u00edcola, Anzorena explic\u00f3 que se viene dando desde hace varios a\u00f1os. &#8216;<strong><em>Los productores lo ven como una herramienta para la contingencia. Muchos est\u00e1n realizando defensas activas contra heladas y granizo y los productores que se est\u00e1n tecnificando quedan fuera de sistema<\/em><\/strong>&#8216;.<\/span><\/p>\n<p><span style=\"color: #000000;\"><strong>Vencimientos<\/strong><\/span><br \/>\n<span style=\"color: #000000;\">\u2022\u00a0\u00a0\u00a0 Prorroga de primera cuota: 15 de septiembre.<\/span><br \/>\n<span style=\"color: #000000;\">\u2022\u00a0\u00a0\u00a0 Segunda cuota: 15 de septiembre.<\/span><br \/>\n<span style=\"color: #000000;\">\u2022\u00a0\u00a0\u00a0 Tercera cuota: 17 de octubre.<\/span><br \/>\n<span style=\"color: #000000;\">\u2022\u00a0\u00a0\u00a0 Cuarta cuota: 15 de noviembre.<\/span><\/p>\n","protected":false},"excerpt":{"rendered":"<p>La Direcci\u00f3n de Contingencias Clim\u00e1ticas (DCC) extender\u00e1 el plazo para adherirse al Seguro Agr\u00edcola y Fondo Compensador. Hasta el 15 de &#8230;<\/p>\n","protected":false},"author":8,"featured_media":107405,"comment_status":"open","ping_status":"open","sticky":false,"template":"","format":"standard","meta":{"footnotes":""},"categories":[5,14],"tags":[],"class_list":["post-112822","post","type-post","status-publish","format-standard","has-post-thumbnail","hentry","category-actualidad","category-agro"],"_links":{"self":[{"href":"https:\/\/vinasfm.com\/noticias\/wp-json\/wp\/v2\/posts\/112822","targetHints":{"allow":["GET"]}}],"collection":[{"href":"https:\/\/vinasfm.com\/noticias\/wp-json\/wp\/v2\/posts"}],"about":[{"href":"https:\/\/vinasfm.com\/noticias\/wp-json\/wp\/v2\/types\/post"}],"author":[{"embeddable":true,"href":"https:\/\/vinasfm.com\/noticias\/wp-json\/wp\/v2\/users\/8"}],"replies":[{"embeddable":true,"href":"https:\/\/vinasfm.com\/noticias\/wp-json\/wp\/v2\/comments?post=112822"}],"version-history":[{"count":5,"href":"https:\/\/vinasfm.com\/noticias\/wp-json\/wp\/v2\/posts\/112822\/revisions"}],"predecessor-version":[{"id":112829,"href":"https:\/\/vinasfm.com\/noticias\/wp-json\/wp\/v2\/posts\/112822\/revisions\/112829"}],"wp:featuredmedia":[{"embeddable":true,"href":"https:\/\/vinasfm.com\/noticias\/wp-json\/wp\/v2\/media\/107405"}],"wp:attachment":[{"href":"https:\/\/vinasfm.com\/noticias\/wp-json\/wp\/v2\/media?parent=112822"}],"wp:term":[{"taxonomy":"category","embeddable":true,"href":"https:\/\/vinasfm.com\/noticias\/wp-json\/wp\/v2\/categories?post=112822"},{"taxonomy":"post_tag","embeddable":true,"href":"https:\/\/vinasfm.com\/noticias\/wp-json\/wp\/v2\/tags?post=112822"}],"curies":[{"name":"wp","href":"https:\/\/api.w.org\/{rel}","templated":true}]}}