{"id":112797,"date":"2022-08-31T00:01:10","date_gmt":"2022-08-31T03:01:10","guid":{"rendered":"http:\/\/vinasfm.com\/noticias\/?p=112797"},"modified":"2022-09-01T10:40:20","modified_gmt":"2022-09-01T13:40:20","slug":"los-empleados-publicos-cobran-hoy-con-el-aumento-del-12-acordado-en-paritarias","status":"publish","type":"post","link":"https:\/\/vinasfm.com\/noticias\/los-empleados-publicos-cobran-hoy-con-el-aumento-del-12-acordado-en-paritarias\/","title":{"rendered":"LOS EMPLEADOS P\u00daBLICOS COBRAN HOY CON EL AUMENTO DEL 12% ACORDADO EN PARITARIAS"},"content":{"rendered":"<h4><span style=\"color: #000000;\"><strong>Los empleados p\u00fablicos cobrar\u00e1n el sueldo de agosto con un incremento de 12%, producto de la aceptaci\u00f3n de los representantes gremiales a la propuesta del Gobierno provincial.<\/strong><\/span><\/h4>\n<p><span style=\"color: #000000;\">Debido a la dif\u00edcil situaci\u00f3n macroecon\u00f3mica nacional financiera que atraviesa el pa\u00eds y la alta inflaci\u00f3n que perjudica los salarios de los agentes estatales, el Gobierno de Mendoza reabri\u00f3 las reuniones paritarias con una propuesta superadora de 12% para agosto, 7% para septiembre, 8% para octubre y 7% para noviembre.<\/span><\/p>\n<p><span style=\"color: #000000;\">Es importante mencionar, adem\u00e1s, que el Gobierno de Mendoza se comprometi\u00f3 a reunirse en la primera quincena de octubre de 2022 a fin de revisar el presente acuerdo.<\/span><\/p>\n<p><span style=\"color: #000000;\">Cabe destacar que, luego de la reapertura de paritarias, el Gobierno de Mendoza ofreci\u00f3 una propuesta salarial que contempla un aumento promedio de enero a noviembre de 72%.<\/span><\/p>\n","protected":false},"excerpt":{"rendered":"<p>Los empleados p\u00fablicos cobrar\u00e1n el sueldo de agosto con un incremento de 12%, producto de la aceptaci\u00f3n de los representantes gremiales &#8230;<\/p>\n","protected":false},"author":8,"featured_media":3311,"comment_status":"open","ping_status":"open","sticky":false,"template":"","format":"standard","meta":{"footnotes":""},"categories":[5,77],"tags":[],"class_list":["post-112797","post","type-post","status-publish","format-standard","has-post-thumbnail","hentry","category-actualidad","category-gobierno"],"_links":{"self":[{"href":"https:\/\/vinasfm.com\/noticias\/wp-json\/wp\/v2\/posts\/112797","targetHints":{"allow":["GET"]}}],"collection":[{"href":"https:\/\/vinasfm.com\/noticias\/wp-json\/wp\/v2\/posts"}],"about":[{"href":"https:\/\/vinasfm.com\/noticias\/wp-json\/wp\/v2\/types\/post"}],"author":[{"embeddable":true,"href":"https:\/\/vinasfm.com\/noticias\/wp-json\/wp\/v2\/users\/8"}],"replies":[{"embeddable":true,"href":"https:\/\/vinasfm.com\/noticias\/wp-json\/wp\/v2\/comments?post=112797"}],"version-history":[{"count":1,"href":"https:\/\/vinasfm.com\/noticias\/wp-json\/wp\/v2\/posts\/112797\/revisions"}],"predecessor-version":[{"id":112799,"href":"https:\/\/vinasfm.com\/noticias\/wp-json\/wp\/v2\/posts\/112797\/revisions\/112799"}],"wp:featuredmedia":[{"embeddable":true,"href":"https:\/\/vinasfm.com\/noticias\/wp-json\/wp\/v2\/media\/3311"}],"wp:attachment":[{"href":"https:\/\/vinasfm.com\/noticias\/wp-json\/wp\/v2\/media?parent=112797"}],"wp:term":[{"taxonomy":"category","embeddable":true,"href":"https:\/\/vinasfm.com\/noticias\/wp-json\/wp\/v2\/categories?post=112797"},{"taxonomy":"post_tag","embeddable":true,"href":"https:\/\/vinasfm.com\/noticias\/wp-json\/wp\/v2\/tags?post=112797"}],"curies":[{"name":"wp","href":"https:\/\/api.w.org\/{rel}","templated":true}]}}