{"id":112752,"date":"2022-08-30T10:00:16","date_gmt":"2022-08-30T13:00:16","guid":{"rendered":"http:\/\/vinasfm.com\/noticias\/?p=112752"},"modified":"2022-08-30T11:07:31","modified_gmt":"2022-08-30T14:07:31","slug":"a-traves-del-programa-mi-primera-licencia-el-municipio-capacito-a-mas-de-400-alumnos","status":"publish","type":"post","link":"https:\/\/vinasfm.com\/noticias\/a-traves-del-programa-mi-primera-licencia-el-municipio-capacito-a-mas-de-400-alumnos\/","title":{"rendered":"A TRAV\u00c9S DEL PROGRAMA &#8216;MI PRIMERA LICENCIA&#8217;, EL MUNICIPIO CAPACIT\u00d3 A M\u00c1S DE 400 ALUMNOS"},"content":{"rendered":"<h4><span style=\"color: #000000;\"><strong>En el Punto Digital de Bodega Fara\u00f3n, el Intendente Walther Marcolini junto al Director de la Polic\u00eda de Tr\u00e1nsito Municipal Sergio Agostini participaron del cierre del curso Mi Primera Licencia, el primero de este tipo en el pa\u00eds y que ya form\u00f3 a 437 alumnos.<\/strong><\/span><\/h4>\n<p><span style=\"color: #000000;\">Finaliz\u00f3 la primera etapa del curso Mi Primera Licencia que comenz\u00f3 en marzo pasado, en este sentido el Director de la Polic\u00eda de Tr\u00e1nsito Municipal manifest\u00f3: \u201c<strong><em>El Programa Mi Primera Licencia inici\u00f3 hace tres a\u00f1os, con la ayuda de docentes y alumnos pudimos llegar a un logro importante dentro de la Provincia. Hoy damos cierre a un proyecto muy anhelado. De esto participaron diez escuelas del Departamento, llegamos a 437 alumnos, que fueron quienes se encargaron de multiplicar esta capacitaci\u00f3n<\/em><\/strong>\u201d, enfatiz\u00f3. El objetivo de este programa es brindar capacitaciones sobre leyes de tr\u00e1nsito y concientizar acerca de su cumplimiento.<\/span><\/p>\n<p><span style=\"color: #000000;\"><strong><em>Mi Primera Licencia<\/em><\/strong>, est\u00e1 destinado a alumnos de 5\u00ba y 6\u00ba a\u00f1o de la escuela secundaria y tiene como objetivo brindar capacitaciones te\u00f3ricas sobre leyes de tr\u00e1nsito y realizar tareas de concientizaci\u00f3n vial. Es de destacar que este es el primer programa de estas caracter\u00edsticas en el pa\u00eds, innovando a la hora de formar a conductores responsables.<\/span><\/p>\n<p><span style=\"color: #000000;\">El curso fue posible gracias al trabajo en equipo de los docentes, alumnos y agentes de la Polic\u00eda de Tr\u00e1nsito Municipal. \u00c9stos \u00faltimos fueron capacitados por los docentes en pedagog\u00eda para poder llegar a los alumnos, es de destacar que los propios agentes se iban rotando para dictar la parte te\u00f3rica y adem\u00e1s los estudiantes realizaron trabajos pr\u00e1cticos en las calles de la Ciudad: \u201c<strong><em>El equipo de trabajo fue conformado de forma tal que tuvo unos resultados muy buenos<\/em><\/strong>\u201d, subray\u00f3 el Director.<\/span><\/p>\n<p><span style=\"color: #000000;\">Por su parte, Mabel B\u00e1rbulo, Vicedirectora de la Escuela 4-202 R\u00edo Atuel, agradeci\u00f3 que hayan llegado con esta capacitaci\u00f3n a su Escuela, se gener\u00f3 un buen v\u00ednculo con los alumnos, ellos est\u00e1n satisfechos por aprendido, rindieron con compromiso la evaluaci\u00f3n, realizaron una funci\u00f3n pr\u00e1ctica: \u201c<strong><em>Algunos j\u00f3venes no sacan la licencia de conducir por temor o porque desconocen y esta fue una gran oportunidad para los adolescentes de nuestro establecimiento. Cuando nos enteramos de esta oportunidad aceptamos que nuestros alumnos se capaciten y fue productivo, participaron 80 alumnos. Seguimos aguardando este tipo de capacitaci\u00f3n en nuestra instituci\u00f3n para que m\u00e1s estudiantes puedan realizarla<\/em><\/strong>\u201d.<\/span><\/p>\n<p><span style=\"color: #000000;\">La alumna de la Escuela N\u00b0 4-179 El Ceibo, Luc\u00eda Garc\u00eda manifest\u00f3: \u201c<strong><em>He participado del curso, una vez por semana un agente de la Polic\u00eda de Tr\u00e1nsito nos ense\u00f1aba varias cosas, hicimos pr\u00e1cticas y recibimos material te\u00f3rico, rendimos una evaluaci\u00f3n. Al momento de solicitar la licencia de conducir voy m\u00e1s tranquila por este curso realizado y aprobado. Lo que m\u00e1s me qued\u00f3 son las se\u00f1ales de tr\u00e1nsito, los cuidados que hay que tener: uso de cintur\u00f3n de seguridad, luces bajas encendidas obligatorias<\/em><\/strong>\u201d.<\/span><\/p>\n","protected":false},"excerpt":{"rendered":"<p>En el Punto Digital de Bodega Fara\u00f3n, el Intendente Walther Marcolini junto al Director de la Polic\u00eda de Tr\u00e1nsito Municipal Sergio &#8230;<\/p>\n","protected":false},"author":8,"featured_media":112753,"comment_status":"open","ping_status":"open","sticky":false,"template":"","format":"standard","meta":{"footnotes":""},"categories":[5,56],"tags":[],"class_list":["post-112752","post","type-post","status-publish","format-standard","has-post-thumbnail","hentry","category-actualidad","category-seguridad-vial"],"_links":{"self":[{"href":"https:\/\/vinasfm.com\/noticias\/wp-json\/wp\/v2\/posts\/112752","targetHints":{"allow":["GET"]}}],"collection":[{"href":"https:\/\/vinasfm.com\/noticias\/wp-json\/wp\/v2\/posts"}],"about":[{"href":"https:\/\/vinasfm.com\/noticias\/wp-json\/wp\/v2\/types\/post"}],"author":[{"embeddable":true,"href":"https:\/\/vinasfm.com\/noticias\/wp-json\/wp\/v2\/users\/8"}],"replies":[{"embeddable":true,"href":"https:\/\/vinasfm.com\/noticias\/wp-json\/wp\/v2\/comments?post=112752"}],"version-history":[{"count":2,"href":"https:\/\/vinasfm.com\/noticias\/wp-json\/wp\/v2\/posts\/112752\/revisions"}],"predecessor-version":[{"id":112755,"href":"https:\/\/vinasfm.com\/noticias\/wp-json\/wp\/v2\/posts\/112752\/revisions\/112755"}],"wp:featuredmedia":[{"embeddable":true,"href":"https:\/\/vinasfm.com\/noticias\/wp-json\/wp\/v2\/media\/112753"}],"wp:attachment":[{"href":"https:\/\/vinasfm.com\/noticias\/wp-json\/wp\/v2\/media?parent=112752"}],"wp:term":[{"taxonomy":"category","embeddable":true,"href":"https:\/\/vinasfm.com\/noticias\/wp-json\/wp\/v2\/categories?post=112752"},{"taxonomy":"post_tag","embeddable":true,"href":"https:\/\/vinasfm.com\/noticias\/wp-json\/wp\/v2\/tags?post=112752"}],"curies":[{"name":"wp","href":"https:\/\/api.w.org\/{rel}","templated":true}]}}