{"id":112413,"date":"2022-08-22T12:10:30","date_gmt":"2022-08-22T15:10:30","guid":{"rendered":"http:\/\/vinasfm.com\/noticias\/?p=112413"},"modified":"2022-08-23T08:15:49","modified_gmt":"2022-08-23T11:15:49","slug":"se-realizo-un-nuevo-foro-tecnico-de-ciruela-de-industria","status":"publish","type":"post","link":"https:\/\/vinasfm.com\/noticias\/se-realizo-un-nuevo-foro-tecnico-de-ciruela-de-industria\/","title":{"rendered":"SE REALIZ\u00d3 UN NUEVO FORO T\u00c9CNICO DE CIRUELA DE INDUSTRIA"},"content":{"rendered":"<h4><strong><span style=\"color: #000000;\">En el Monumento hist\u00f3rico nacional Bodega Fara\u00f3n, se llev\u00f3 adelante el 2\u00b0 Foro t\u00e9cnico de ciruela de industria organizado por el Cluster de Ciruela, que pone en relevancia la cadena de valor del sector de ciruelas.<\/span><\/strong><\/h4>\n<p><span style=\"color: #000000;\">Este viernes se reuni\u00f3 el Cluster de Ciruela en el Monumento hist\u00f3rico nacional Bodega Fara\u00f3n para informar el resultado del censo de ciruela industria y las futuras herramientas que pueda trabajar el cl\u00faster: &#8216;<em><strong>Nos acompa\u00f1a el Coordinador del Cluster Francisco Araujo y contamos con la presencia de un gran n\u00famero de t\u00e9cnicos que buscar\u00e1n establecer diagn\u00f3sticos y ofrecer, tanto al sector p\u00fablico como privado, distintas alternativas y lineamientos que puedan transformarse en pol\u00edticas p\u00fablicas en pos del sector productivo&#8217;<\/strong><\/em> indic\u00f3 el <strong>Secretario de Desarrollo Econ\u00f3mico Carlos Ponce.<\/strong><\/span><\/p>\n<p><span style=\"color: #000000;\">Por su parte, el<strong> Coordinador del Cluster Francisco Arauj<\/strong>o, expres\u00f3, &#8216;<strong><em>El objetivo es generar un documento entregable para que el sector pueda manifestarse, es un insumo b\u00e1sico para que los involucrados puedan tomar decisiones. Hacer un pron\u00f3stico es complejo, sobre todo en el sector ciruela porque tiene un comportamiento bastante dif\u00edcil de aproximarse a la realidad, pero venimos de malas cosechas y como sector debemos hacernos cargo, y no pensar que solo el factor clim\u00e1tico nos impacta y nosotros somos simples espectadores&#8217;.<\/em><\/strong><\/span><\/p>\n<p><span style=\"color: #000000;\">Asimismo, Araujo destac\u00f3 que el Cluster tiene dos grandes aliados, la Provincia y los Municipios, <em><strong>&#8216;la direcci\u00f3n de este Cluster es hacerse cargo de esa relaci\u00f3n y conducirla porque tenemos que llevar alternativas y una mirada profesional y profunda de lo que necesitamos para obtener los resultados que necesitamos&#8217;.<\/strong><\/em><\/span><\/p>\n<p><span style=\"color: #000000;\">Adem\u00e1s se visit\u00f3 el laboratorio de <strong>UGACOOP<\/strong> para conocer a fondo la t\u00e9cnica de propagaci\u00f3n de plantas libres de virus, recordando que se est\u00e1 construyendo un invernadero que permitir\u00e1 proceder a la producci\u00f3n de las plantas: <em><strong>&#8216;Es una grata sorpresa, creo que dentro de este sistema el Cluster debe decir presente y apoyar este tipo de desarrollo, que sabemos que lleva tiempo&#8217;.<\/strong><\/em><\/span><\/p>\n","protected":false},"excerpt":{"rendered":"<p>En el Monumento hist\u00f3rico nacional Bodega Fara\u00f3n, se llev\u00f3 adelante el 2\u00b0 Foro t\u00e9cnico de ciruela de industria organizado por el &#8230;<\/p>\n","protected":false},"author":7,"featured_media":112414,"comment_status":"open","ping_status":"open","sticky":false,"template":"","format":"standard","meta":{"footnotes":""},"categories":[5,14],"tags":[],"class_list":["post-112413","post","type-post","status-publish","format-standard","has-post-thumbnail","hentry","category-actualidad","category-agro"],"_links":{"self":[{"href":"https:\/\/vinasfm.com\/noticias\/wp-json\/wp\/v2\/posts\/112413","targetHints":{"allow":["GET"]}}],"collection":[{"href":"https:\/\/vinasfm.com\/noticias\/wp-json\/wp\/v2\/posts"}],"about":[{"href":"https:\/\/vinasfm.com\/noticias\/wp-json\/wp\/v2\/types\/post"}],"author":[{"embeddable":true,"href":"https:\/\/vinasfm.com\/noticias\/wp-json\/wp\/v2\/users\/7"}],"replies":[{"embeddable":true,"href":"https:\/\/vinasfm.com\/noticias\/wp-json\/wp\/v2\/comments?post=112413"}],"version-history":[{"count":4,"href":"https:\/\/vinasfm.com\/noticias\/wp-json\/wp\/v2\/posts\/112413\/revisions"}],"predecessor-version":[{"id":112477,"href":"https:\/\/vinasfm.com\/noticias\/wp-json\/wp\/v2\/posts\/112413\/revisions\/112477"}],"wp:featuredmedia":[{"embeddable":true,"href":"https:\/\/vinasfm.com\/noticias\/wp-json\/wp\/v2\/media\/112414"}],"wp:attachment":[{"href":"https:\/\/vinasfm.com\/noticias\/wp-json\/wp\/v2\/media?parent=112413"}],"wp:term":[{"taxonomy":"category","embeddable":true,"href":"https:\/\/vinasfm.com\/noticias\/wp-json\/wp\/v2\/categories?post=112413"},{"taxonomy":"post_tag","embeddable":true,"href":"https:\/\/vinasfm.com\/noticias\/wp-json\/wp\/v2\/tags?post=112413"}],"curies":[{"name":"wp","href":"https:\/\/api.w.org\/{rel}","templated":true}]}}