{"id":112330,"date":"2022-08-18T00:35:01","date_gmt":"2022-08-18T03:35:01","guid":{"rendered":"http:\/\/vinasfm.com\/noticias\/?p=112330"},"modified":"2022-08-20T11:00:13","modified_gmt":"2022-08-20T14:00:13","slug":"productores-autoconvocados-invitan-a-una-charla-sobre-el-trasvase-del-rio-grande-al-atuel","status":"publish","type":"post","link":"https:\/\/vinasfm.com\/noticias\/productores-autoconvocados-invitan-a-una-charla-sobre-el-trasvase-del-rio-grande-al-atuel\/","title":{"rendered":"PRODUCTORES AUTOCONVOCADOS INVITAN A UNA CHARLA SOBRE LA IMPORTANCIA DEL TRASVASE DEL R\u00cdO GRANDE AL ATUEL"},"content":{"rendered":"<h4><span style=\"color: #000000;\"><strong>Productores autoconvocados invitan a otros productores y p\u00fablico en general a participar de una reuni\u00f3n para elevar una solicitud al gobierno provincial sobre la importancia del trasvase del Rio Grande al Atuel. La reuni\u00f3n tendr\u00e1 lugar en el Sal\u00f3n Angus del Predio Ferial este viernes a las 19h.<\/strong><\/span><\/h4>\n<p><span style=\"color: #000000;\">La invitaci\u00f3n se eleva para todos los productores y vecinos del departamento que quieran asistir dando la importancia del trasvase y del agua en nuestra provincia, en la reuni\u00f3n se har\u00e1n presentes diferentes disertantes como el concejal N\u00e9stor Ojeda y el Ing. Martin Garbuio. En di\u00e1logo con F<strong>.M. VI\u00d1AS, Manuel &#8216;Manolo&#8217; Perez<\/strong> productor local, expres\u00f3: <em><strong>&#8216;Sabemos que es de vital importancia dado que sabemos los inconvenientes que tenemos con el agua y si hici\u00e9ramos el trasvase y ah\u00ed la cosa cambiaria un poco ya seria otra cosa, a nosotros nos corresponde 32% del Rio Grande al Atuel, est\u00e1 por ley&#8217;.<\/strong><\/em><\/span><\/p>\n<p><span style=\"color: #000000;\">La reuni\u00f3n anterior fue una reuni\u00f3n informativa, la que se realizar\u00e1 este viernes es una reuni\u00f3n para comenzar a trabajar mancomunadamente y tener llegada al gobierno provincial. <em><strong>&#8216;Ya hay gran parte de los fondos depositado que seria lo que se necesita para hacer el trasvase, desde el norte de la provincia ya se est\u00e1 trabajando&#8217;,<\/strong><\/em> remarc\u00f3.\u00a0<\/span><\/p>\n<p><span style=\"color: #000000;\"><em><strong>&#8216;Se precisa la presencia de todo General Alvear as\u00ed mismo se ha invitado al Intendente departamental, al Director de Desarrollo, Director de Agricultura y al HCD&#8217;,<\/strong><\/em> agreg\u00f3. Se ha trabajado y continuar\u00e1 trabajando para que el pedido surja con la C\u00e1mara de Comercio de San Rafael y C\u00e1mara de Comercio de Malarg\u00fce que est\u00e1n interesados los departamentos en la realizaci\u00f3n del trasvase.<\/span><\/p>\n<p><span style=\"color: #000000;\">\u2022C.F.<\/span><\/p>\n","protected":false},"excerpt":{"rendered":"<p>Productores autoconvocados invitan a otros productores y p\u00fablico en general a participar de una reuni\u00f3n para elevar una solicitud al gobierno &#8230;<\/p>\n","protected":false},"author":7,"featured_media":4373,"comment_status":"open","ping_status":"open","sticky":false,"template":"","format":"standard","meta":{"footnotes":""},"categories":[1],"tags":[],"class_list":["post-112330","post","type-post","status-publish","format-standard","has-post-thumbnail","hentry","category-fmvinas"],"_links":{"self":[{"href":"https:\/\/vinasfm.com\/noticias\/wp-json\/wp\/v2\/posts\/112330","targetHints":{"allow":["GET"]}}],"collection":[{"href":"https:\/\/vinasfm.com\/noticias\/wp-json\/wp\/v2\/posts"}],"about":[{"href":"https:\/\/vinasfm.com\/noticias\/wp-json\/wp\/v2\/types\/post"}],"author":[{"embeddable":true,"href":"https:\/\/vinasfm.com\/noticias\/wp-json\/wp\/v2\/users\/7"}],"replies":[{"embeddable":true,"href":"https:\/\/vinasfm.com\/noticias\/wp-json\/wp\/v2\/comments?post=112330"}],"version-history":[{"count":8,"href":"https:\/\/vinasfm.com\/noticias\/wp-json\/wp\/v2\/posts\/112330\/revisions"}],"predecessor-version":[{"id":112369,"href":"https:\/\/vinasfm.com\/noticias\/wp-json\/wp\/v2\/posts\/112330\/revisions\/112369"}],"wp:featuredmedia":[{"embeddable":true,"href":"https:\/\/vinasfm.com\/noticias\/wp-json\/wp\/v2\/media\/4373"}],"wp:attachment":[{"href":"https:\/\/vinasfm.com\/noticias\/wp-json\/wp\/v2\/media?parent=112330"}],"wp:term":[{"taxonomy":"category","embeddable":true,"href":"https:\/\/vinasfm.com\/noticias\/wp-json\/wp\/v2\/categories?post=112330"},{"taxonomy":"post_tag","embeddable":true,"href":"https:\/\/vinasfm.com\/noticias\/wp-json\/wp\/v2\/tags?post=112330"}],"curies":[{"name":"wp","href":"https:\/\/api.w.org\/{rel}","templated":true}]}}