{"id":112328,"date":"2022-08-18T10:05:41","date_gmt":"2022-08-18T13:05:41","guid":{"rendered":"http:\/\/vinasfm.com\/noticias\/?p=112328"},"modified":"2022-08-22T08:15:47","modified_gmt":"2022-08-22T11:15:47","slug":"b-sanidad-bici-chorro-golpeo-a-un-menor-de-11-anos-para-robarle-las-zapatillas","status":"publish","type":"post","link":"https:\/\/vinasfm.com\/noticias\/b-sanidad-bici-chorro-golpeo-a-un-menor-de-11-anos-para-robarle-las-zapatillas\/","title":{"rendered":"B\u00b0 SANIDAD: BICI-CHORRO GOLPE\u00d3 A UN MENOR DE 11 A\u00d1OS PARA ROBARLE LAS ZAPATILLAS"},"content":{"rendered":"<h4><span style=\"color: #000000;\"><strong>Este mi\u00e9rcoles en horas de la tarde-noche, un menor de 11 a\u00f1os fue agredido por un delincuente a bordo de una bicicleta a dos cuadras de su casa, en inmediaciones de la plaza del B\u00b0 Sanidad. El sujeto le propin\u00f3 un fuerte golpe en el rostro en su intento por sustraerle las zapatillas pero afortunadamente la v\u00edctima logr\u00f3 escapar de la situaci\u00f3n. Su padre se expres\u00f3 indignado en di\u00e1logo con F.M. VI\u00d1AS sobre este tipo de situaciones que se vienen repitiendo en ese sector de nuestra Ciudad.<\/strong><\/span><\/h4>\n<p><span style=\"color: #000000;\"><strong>Sergio Javier Wijtyzszn<\/strong> se\u00f1al\u00f3 a trav\u00e9s de este medio que<strong> la falta de luminarias en la plaza del barrio Sanidad<\/strong> y, en su defecto, <strong>la falta de poda de forestales que cubren las luminarias que hay en la zona<\/strong> generan el escenario propicio para que amigos de lo ajeno act\u00faen, por lo que <strong>solicit\u00f3 respuestas, al igual que sus vecinos, quienes se reunir\u00e1n esta noche a las 20hs para exigir mayores medidas de seguridad.<\/strong><\/span><\/p>\n<p><span style=\"color: #000000;\">&#8216;<strong><em>Mi hijo menor y mi hija mayor despu\u00e9s que salen del colegio a las 18h van al gimnasio que se encuentra en la calle Uspallata, a pocas cuadras de mi casa. Van caminando por lo que siempre tengo la precauci\u00f3n<\/em><\/strong>&#8216;, cont\u00f3 el vecino, y en la misma l\u00ednea reconstruy\u00f3: &#8216;<strong><em>Ven\u00edan caminando del gimnasio cerca de las 20:30hs y mi hijo se queda unos metros m\u00e1s atr\u00e1s de su hermana. Yo los esperaba en la esquina de la Iglesia Antonia Mar\u00eda Verna porque la plaza es un lugar que est\u00e1 muy abandonado, muy oscuro. En un momento me volv\u00ed a buscar una campera y cuando salgo de vuelta lo veo que viene corriendo y asustado con todo el labio lastimado, tratamos calmarlo para que nos explique quien hab\u00eda sido y nos dio las caracter\u00edsticas del delincuente<\/em><\/strong>&#8216;.<\/span><\/p>\n<p><span style=\"color: #000000;\">El sujeto, que seg\u00fan detall\u00f3 el menor, vest\u00eda gorra y zapatilla blancas se hab\u00eda bajado de la bicicleta tipo playera que conduc\u00eda y le intent\u00f3 quitar las zapatillas. Al resistirse el menor, el malviviente lo golpe\u00f3 fuertemente en el rostro para luego darse a la fuga: &#8216;<strong><em>Donde ocurri\u00f3 esto es un lugar muy abandonado, muy oscuro y ya hemos hecho los reclamos con los vecinos del barrio. Hay patrullaje por parte de la polic\u00eda, es una plaza que est\u00e1 muy abandonada, han hecho promesas y promesas, hace dos a\u00f1os que nos han hecho promesas y nunca ha llegado nada. Se ve que no se acuerdan del barrio sanidad<\/em><\/strong>&#8216;, grafic\u00f3 Javier.<\/span><\/p>\n<p><span style=\"color: #000000;\">Consultado si ten\u00edan alg\u00fan otro dato sobre el autor de este il\u00edcito agreg\u00f3: &#8216;<strong><em>Seguramente no es de ac\u00e1, ac\u00e1 en el barrio nos conocemos todos y si bien en alrededor del barrio han construido otros barrios vive gente trabajadora<\/em><\/strong>&#8216;. Y respecto a la actuaci\u00f3n policial resalt\u00f3: &#8216;<strong><em>Vino la polic\u00eda y me tomaron los datos e hicieron las actuaciones y todo pero lamentablemente no sabemos qui\u00e9n es la persona<\/em><\/strong>&#8216;.<\/span><\/p>\n<p><span style=\"color: #000000;\">Finalmente, adelant\u00f3: &#8216;<strong><em>Esta noche nos reuniremos con los vecinos a las 20h para exigir respuestas porque hemos enviado notas y nunca pasa nada. Estamos cansados de este tipo de situaciones, ojal\u00e1 que ahora se acerquen las autoridades y nos lleven soluciones concretas<\/em><\/strong>&#8216;.<\/span><\/p>\n","protected":false},"excerpt":{"rendered":"<p>Este mi\u00e9rcoles en horas de la tarde-noche, un menor de 11 a\u00f1os fue agredido por un delincuente a bordo de una &#8230;<\/p>\n","protected":false},"author":8,"featured_media":112331,"comment_status":"open","ping_status":"open","sticky":false,"template":"","format":"standard","meta":{"footnotes":""},"categories":[5,4],"tags":[],"class_list":["post-112328","post","type-post","status-publish","format-standard","has-post-thumbnail","hentry","category-actualidad","category-policiales"],"_links":{"self":[{"href":"https:\/\/vinasfm.com\/noticias\/wp-json\/wp\/v2\/posts\/112328","targetHints":{"allow":["GET"]}}],"collection":[{"href":"https:\/\/vinasfm.com\/noticias\/wp-json\/wp\/v2\/posts"}],"about":[{"href":"https:\/\/vinasfm.com\/noticias\/wp-json\/wp\/v2\/types\/post"}],"author":[{"embeddable":true,"href":"https:\/\/vinasfm.com\/noticias\/wp-json\/wp\/v2\/users\/8"}],"replies":[{"embeddable":true,"href":"https:\/\/vinasfm.com\/noticias\/wp-json\/wp\/v2\/comments?post=112328"}],"version-history":[{"count":5,"href":"https:\/\/vinasfm.com\/noticias\/wp-json\/wp\/v2\/posts\/112328\/revisions"}],"predecessor-version":[{"id":112358,"href":"https:\/\/vinasfm.com\/noticias\/wp-json\/wp\/v2\/posts\/112328\/revisions\/112358"}],"wp:featuredmedia":[{"embeddable":true,"href":"https:\/\/vinasfm.com\/noticias\/wp-json\/wp\/v2\/media\/112331"}],"wp:attachment":[{"href":"https:\/\/vinasfm.com\/noticias\/wp-json\/wp\/v2\/media?parent=112328"}],"wp:term":[{"taxonomy":"category","embeddable":true,"href":"https:\/\/vinasfm.com\/noticias\/wp-json\/wp\/v2\/categories?post=112328"},{"taxonomy":"post_tag","embeddable":true,"href":"https:\/\/vinasfm.com\/noticias\/wp-json\/wp\/v2\/tags?post=112328"}],"curies":[{"name":"wp","href":"https:\/\/api.w.org\/{rel}","templated":true}]}}