{"id":112295,"date":"2022-08-17T08:54:37","date_gmt":"2022-08-17T11:54:37","guid":{"rendered":"http:\/\/vinasfm.com\/noticias\/?p=112295"},"modified":"2022-08-17T08:54:37","modified_gmt":"2022-08-17T11:54:37","slug":"el-gobierno-de-mendoza-comunico-el-nuevo-cronograma-de-las-reuniones-paritarias","status":"publish","type":"post","link":"https:\/\/vinasfm.com\/noticias\/el-gobierno-de-mendoza-comunico-el-nuevo-cronograma-de-las-reuniones-paritarias\/","title":{"rendered":"EL GOBIERNO DE MENDOZA COMUNIC\u00d3 EL NUEVO CRONOGRAMA DE LAS REUNIONES PARITARIAS"},"content":{"rendered":"<h4><span style=\"color: #000000;\"><strong>El Gobierno de Mendoza confirma que este jueves, 18 de agosto, comenzar\u00e1n las reuniones paritarias con los gremios que agrupan a los empleados de la Administraci\u00f3n P\u00fablica.<\/strong><\/span><\/h4>\n<p><span style=\"color: #000000;\">La primera reuni\u00f3n ser\u00e1 entre el cuerpo paritario del Gobierno <strong>con los representantes de SUTE, a las 9<\/strong>. Luego\u00a0continuar\u00e1 con Empleados Judiciales y por \u00faltimo con el Instituto de Juegos y Casinos.\u00a0<\/span><\/p>\n<p><span style=\"color: #000000;\">El <strong>viernes 19, ser\u00e1 el turno de ATE<\/strong> para los reg\u00edmenes 15 de Salud, el 5 de Administraci\u00f3n Central y el 35 de la Secretar\u00eda de Ambiente y Ordenamiento Territorial, luego seguir\u00e1 Guardaparques y EPAS.<\/span><\/p>\n<p><span style=\"color: #000000;\">De acuerdo con el cronograma, las reuniones continuar\u00e1n el <strong>lunes 22 con Ampros<\/strong>, los organismos de control y el Fondo para la Transformaci\u00f3n y el Crecimiento. <strong>El martes 23<\/strong> se reunir\u00e1 el cuerpo paritario provincial con los representantes gremiales de la Direcci\u00f3n Provincial de Vialidad, funcionarios judiciales, Ecoparque y \u00a0Subsecretar\u00eda de Trabajo y Empleo.<\/span><\/p>\n","protected":false},"excerpt":{"rendered":"<p>El Gobierno de Mendoza confirma que este jueves, 18 de agosto, comenzar\u00e1n las reuniones paritarias con los gremios que agrupan a &#8230;<\/p>\n","protected":false},"author":8,"featured_media":62321,"comment_status":"open","ping_status":"open","sticky":false,"template":"","format":"standard","meta":{"footnotes":""},"categories":[5,172],"tags":[],"class_list":["post-112295","post","type-post","status-publish","format-standard","has-post-thumbnail","hentry","category-actualidad","category-paritarias"],"_links":{"self":[{"href":"https:\/\/vinasfm.com\/noticias\/wp-json\/wp\/v2\/posts\/112295","targetHints":{"allow":["GET"]}}],"collection":[{"href":"https:\/\/vinasfm.com\/noticias\/wp-json\/wp\/v2\/posts"}],"about":[{"href":"https:\/\/vinasfm.com\/noticias\/wp-json\/wp\/v2\/types\/post"}],"author":[{"embeddable":true,"href":"https:\/\/vinasfm.com\/noticias\/wp-json\/wp\/v2\/users\/8"}],"replies":[{"embeddable":true,"href":"https:\/\/vinasfm.com\/noticias\/wp-json\/wp\/v2\/comments?post=112295"}],"version-history":[{"count":1,"href":"https:\/\/vinasfm.com\/noticias\/wp-json\/wp\/v2\/posts\/112295\/revisions"}],"predecessor-version":[{"id":112296,"href":"https:\/\/vinasfm.com\/noticias\/wp-json\/wp\/v2\/posts\/112295\/revisions\/112296"}],"wp:featuredmedia":[{"embeddable":true,"href":"https:\/\/vinasfm.com\/noticias\/wp-json\/wp\/v2\/media\/62321"}],"wp:attachment":[{"href":"https:\/\/vinasfm.com\/noticias\/wp-json\/wp\/v2\/media?parent=112295"}],"wp:term":[{"taxonomy":"category","embeddable":true,"href":"https:\/\/vinasfm.com\/noticias\/wp-json\/wp\/v2\/categories?post=112295"},{"taxonomy":"post_tag","embeddable":true,"href":"https:\/\/vinasfm.com\/noticias\/wp-json\/wp\/v2\/tags?post=112295"}],"curies":[{"name":"wp","href":"https:\/\/api.w.org\/{rel}","templated":true}]}}