{"id":112239,"date":"2022-08-16T19:56:13","date_gmt":"2022-08-16T22:56:13","guid":{"rendered":"http:\/\/vinasfm.com\/noticias\/?p=112239"},"modified":"2022-08-17T10:18:58","modified_gmt":"2022-08-17T13:18:58","slug":"aparecio-incinerada-la-camioneta-que-robaron-en-el-obrador-municipal","status":"publish","type":"post","link":"https:\/\/vinasfm.com\/noticias\/aparecio-incinerada-la-camioneta-que-robaron-en-el-obrador-municipal\/","title":{"rendered":"APARECI\u00d3 INCINERADA LA CAMIONETA QUE ROBARON EN EL OBRADOR MUNICIPAL"},"content":{"rendered":"<h4><strong><span style=\"color: #000000;\">El pasado s\u00e1bado en una finca ubicada en cercan\u00edas de La Toma de la Paja, encontraron completamente incinerada la camioneta Ford F-100 que hab\u00eda sido robada el jueves anterior del interior del Obrador Municipal.<\/span><\/strong><\/h4>\n<h4><strong><span style=\"color: #000000;\">De acuerdo a lo informado por el Subcomisario Jos\u00e9 L\u00f3pez en di\u00e1logo con F.M. VI\u00d1AS, obreros de una finca encontraron la movilidad quemada por lo que comunicaron lo sucedido inmediatamente al 911, raz\u00f3n por la que personal de Comisar\u00eda 14\u00b0 acudi\u00f3 al lugar indicado.<\/span><\/strong><\/h4>\n<h4><strong><span style=\"color: #000000;\">Al arribar comprobaron que se trataba de la camioneta Ford F-100 que delincuentes hab\u00edan sustra\u00eddo del predio del Obrador Municipal &#8211; ubicado en calle Pedro Molina al 500- el jueves pasado. La misma se encontraba sin sus cuatro ruedas y en la caja hab\u00edan dejado una pala, un azad\u00f3n y una m\u00e1quina hormigonera (parte del bot\u00edn con el que se hab\u00edan alzado).<\/span><\/strong><\/h4>\n","protected":false},"excerpt":{"rendered":"<p>El pasado s\u00e1bado en una finca ubicada en cercan\u00edas de La Toma de la Paja, encontraron completamente incinerada la camioneta Ford &#8230;<\/p>\n","protected":false},"author":8,"featured_media":112243,"comment_status":"open","ping_status":"open","sticky":false,"template":"","format":"standard","meta":{"footnotes":""},"categories":[5,4],"tags":[],"class_list":["post-112239","post","type-post","status-publish","format-standard","has-post-thumbnail","hentry","category-actualidad","category-policiales"],"_links":{"self":[{"href":"https:\/\/vinasfm.com\/noticias\/wp-json\/wp\/v2\/posts\/112239","targetHints":{"allow":["GET"]}}],"collection":[{"href":"https:\/\/vinasfm.com\/noticias\/wp-json\/wp\/v2\/posts"}],"about":[{"href":"https:\/\/vinasfm.com\/noticias\/wp-json\/wp\/v2\/types\/post"}],"author":[{"embeddable":true,"href":"https:\/\/vinasfm.com\/noticias\/wp-json\/wp\/v2\/users\/8"}],"replies":[{"embeddable":true,"href":"https:\/\/vinasfm.com\/noticias\/wp-json\/wp\/v2\/comments?post=112239"}],"version-history":[{"count":2,"href":"https:\/\/vinasfm.com\/noticias\/wp-json\/wp\/v2\/posts\/112239\/revisions"}],"predecessor-version":[{"id":112245,"href":"https:\/\/vinasfm.com\/noticias\/wp-json\/wp\/v2\/posts\/112239\/revisions\/112245"}],"wp:featuredmedia":[{"embeddable":true,"href":"https:\/\/vinasfm.com\/noticias\/wp-json\/wp\/v2\/media\/112243"}],"wp:attachment":[{"href":"https:\/\/vinasfm.com\/noticias\/wp-json\/wp\/v2\/media?parent=112239"}],"wp:term":[{"taxonomy":"category","embeddable":true,"href":"https:\/\/vinasfm.com\/noticias\/wp-json\/wp\/v2\/categories?post=112239"},{"taxonomy":"post_tag","embeddable":true,"href":"https:\/\/vinasfm.com\/noticias\/wp-json\/wp\/v2\/tags?post=112239"}],"curies":[{"name":"wp","href":"https:\/\/api.w.org\/{rel}","templated":true}]}}