{"id":112208,"date":"2022-08-15T09:27:33","date_gmt":"2022-08-15T12:27:33","guid":{"rendered":"http:\/\/vinasfm.com\/noticias\/?p=112208"},"modified":"2022-08-16T09:39:45","modified_gmt":"2022-08-16T12:39:45","slug":"pronostico-como-estara-el-tiempo-en-el-departamento","status":"publish","type":"post","link":"https:\/\/vinasfm.com\/noticias\/pronostico-como-estara-el-tiempo-en-el-departamento\/","title":{"rendered":"PRON\u00d3STICO: C\u00d3MO ESTAR\u00c1 EL TIEMPO EN EL DEPARTAMENTO"},"content":{"rendered":"<p><strong>Lunes<\/strong><br \/>\n15-08-2022<br \/>\nParcialmente nublado y frio con descenso de la temperatura, vientos leves del este. Nevadas en cordillera.<br \/>\n<strong>M\u00e1xima<\/strong>: 14\u00baC <strong>M\u00ednima<\/strong>: 4\u00baC<\/p>\n<p><strong>Martes<\/strong><br \/>\n16-08-2022<br \/>\nParcialmente nublado con ascenso de la temperatura,, vientos del noreste. Nevadas en cordillera.<br \/>\n<strong>M\u00e1xim<\/strong>a: 17\u00baC <strong>M\u00ednima<\/strong>: 3\u00baC<\/p>\n<p><strong>Mi\u00e9rcoles<\/strong><br \/>\n17-08-2022<br \/>\nParcialmente nublado y frio, vientos moderados del sector sur. Precipitaciones aisladas en las primeras horas. Ingreso de sistema frontal.<br \/>\n<strong>M\u00e1xima<\/strong>: 13\u00baC <strong>M\u00ednima<\/strong>: 4\u00baC<\/p>\n<p><strong>Jueves<\/strong><br \/>\n18-08-2022<br \/>\nPoca nubosidad y frio con heladas, vientos moderados del sector norte.<br \/>\n<strong>M\u00e1xima<\/strong>: 14\u00baC <strong>M\u00ednima<\/strong>: 1\u00baC<\/p>\n<p><strong>Viernes<\/strong><br \/>\n19-08-2022<br \/>\nTiempo bueno con ascenso de la temperatura, cielo algo nublado, vientos leves del noreste. Heladas parciales.<br \/>\n<strong>M\u00e1xima<\/strong>: 18\u00baC <strong>M\u00ednima<\/strong>: 2\u00baC<\/p>\n<p><strong>S\u00e1bado<\/strong><br \/>\n20-08-2022<br \/>\nTiempo bueno con ascenso de la temperatura, cielo algo nublado, vientos leves del noreste. Heladas parciales.<br \/>\n<strong>M\u00e1xima<\/strong>: 20\u00baC <strong>M\u00ednima<\/strong>: 3\u00baC<\/p>\n<p><strong>Domingo<\/strong><br \/>\n21-08-2022<br \/>\nAlgo nublado con poco cambio de la temperatura, vientos leves del noreste.<br \/>\n<strong>M\u00e1xima<\/strong>: 19\u00baC <strong>M\u00ednima<\/strong>: 4\u00baC<\/p>\n","protected":false},"excerpt":{"rendered":"<p>Lunes 15-08-2022 Parcialmente nublado y frio con descenso de la temperatura, vientos leves del este. Nevadas en cordillera. M\u00e1xima: 14\u00baC M\u00ednima: &#8230;<\/p>\n","protected":false},"author":7,"featured_media":69668,"comment_status":"open","ping_status":"open","sticky":false,"template":"","format":"standard","meta":{"footnotes":""},"categories":[5,36],"tags":[],"class_list":["post-112208","post","type-post","status-publish","format-standard","has-post-thumbnail","hentry","category-actualidad","category-pronostico"],"_links":{"self":[{"href":"https:\/\/vinasfm.com\/noticias\/wp-json\/wp\/v2\/posts\/112208","targetHints":{"allow":["GET"]}}],"collection":[{"href":"https:\/\/vinasfm.com\/noticias\/wp-json\/wp\/v2\/posts"}],"about":[{"href":"https:\/\/vinasfm.com\/noticias\/wp-json\/wp\/v2\/types\/post"}],"author":[{"embeddable":true,"href":"https:\/\/vinasfm.com\/noticias\/wp-json\/wp\/v2\/users\/7"}],"replies":[{"embeddable":true,"href":"https:\/\/vinasfm.com\/noticias\/wp-json\/wp\/v2\/comments?post=112208"}],"version-history":[{"count":3,"href":"https:\/\/vinasfm.com\/noticias\/wp-json\/wp\/v2\/posts\/112208\/revisions"}],"predecessor-version":[{"id":112260,"href":"https:\/\/vinasfm.com\/noticias\/wp-json\/wp\/v2\/posts\/112208\/revisions\/112260"}],"wp:featuredmedia":[{"embeddable":true,"href":"https:\/\/vinasfm.com\/noticias\/wp-json\/wp\/v2\/media\/69668"}],"wp:attachment":[{"href":"https:\/\/vinasfm.com\/noticias\/wp-json\/wp\/v2\/media?parent=112208"}],"wp:term":[{"taxonomy":"category","embeddable":true,"href":"https:\/\/vinasfm.com\/noticias\/wp-json\/wp\/v2\/categories?post=112208"},{"taxonomy":"post_tag","embeddable":true,"href":"https:\/\/vinasfm.com\/noticias\/wp-json\/wp\/v2\/tags?post=112208"}],"curies":[{"name":"wp","href":"https:\/\/api.w.org\/{rel}","templated":true}]}}