{"id":112176,"date":"2022-08-14T23:59:44","date_gmt":"2022-08-15T02:59:44","guid":{"rendered":"http:\/\/vinasfm.com\/noticias\/?p=112176"},"modified":"2022-08-16T09:56:03","modified_gmt":"2022-08-16T12:56:03","slug":"b-don-valentin-16-familias-alvearenses-cumplieron-el-sueno-de-la-casa-propia","status":"publish","type":"post","link":"https:\/\/vinasfm.com\/noticias\/b-don-valentin-16-familias-alvearenses-cumplieron-el-sueno-de-la-casa-propia\/","title":{"rendered":"B\u00b0 DON VALENT\u00cdN: 16 FAMILIAS ALVEARENSES CUMPLIERON EL SUE\u00d1O DE LA CASA PROPIA"},"content":{"rendered":"<h4><span style=\"color: #000000;\"><strong>16 familias cumplieron su sue\u00f1o de vivienda propia. Se trata de los vecinos del flamante Barrio Don Valent\u00edn, en Bowen, un barrio construido bajo el sistema industrializado New Panel. Las mayores ventajas de este sistema radican en los menores tiempos de ejecuci\u00f3n y en las caracter\u00edsticas sustentables del mismo.<\/strong><\/span><\/h4>\n<p><span style=\"color: #000000;\">En el marco del 108 aniversario de General Alvear, y con la presencia del intendente Walther Marcolini, el Ministro de Planificaci\u00f3n e Infraestructura Mario Isgr\u00f3 y la titular del IPV Mar\u00eda Marta Ontanilla, se entregaron las 16 viviendas correspondientes al Barrio Don Valent\u00edn, el primero de este tipo en iniciarse y concluirse en Mendoza. Es de destacar que durante el 2021, el Instituto Provincial de la Vivienda puso el foco en la utilizaci\u00f3n de materiales no convencionales en la construcci\u00f3n de sus barrios. Tal es as\u00ed, que<strong> m\u00e1s del 30% de las viviendas que se licitaron y hoy se encuentran en ejecuci\u00f3n se est\u00e1n realizando con sistemas constructivos industrializados, como SteellFraming, New Panel y Casaforma<\/strong>.<\/span><\/p>\n<div id=\"attachment_112178\" style=\"width: 396px\" class=\"wp-caption alignleft\"><a style=\"color: #000000;\" href=\"http:\/\/vinasfm.com\/noticias\/wp-content\/uploads\/2022\/08\/8f5736f4-f42d-4ae4-b170-15d023a5fd13.jpg\"><img loading=\"lazy\" decoding=\"async\" aria-describedby=\"caption-attachment-112178\" class=\"wp-image-112178 \" src=\"http:\/\/vinasfm.com\/noticias\/wp-content\/uploads\/2022\/08\/8f5736f4-f42d-4ae4-b170-15d023a5fd13-300x169.jpg\" alt=\"\" width=\"396\" height=\"223\" srcset=\"https:\/\/vinasfm.com\/noticias\/wp-content\/uploads\/2022\/08\/8f5736f4-f42d-4ae4-b170-15d023a5fd13-300x169.jpg 300w, https:\/\/vinasfm.com\/noticias\/wp-content\/uploads\/2022\/08\/8f5736f4-f42d-4ae4-b170-15d023a5fd13-1024x576.jpg 1024w, https:\/\/vinasfm.com\/noticias\/wp-content\/uploads\/2022\/08\/8f5736f4-f42d-4ae4-b170-15d023a5fd13-768x432.jpg 768w, https:\/\/vinasfm.com\/noticias\/wp-content\/uploads\/2022\/08\/8f5736f4-f42d-4ae4-b170-15d023a5fd13-750x420.jpg 750w, https:\/\/vinasfm.com\/noticias\/wp-content\/uploads\/2022\/08\/8f5736f4-f42d-4ae4-b170-15d023a5fd13-1140x641.jpg 1140w, https:\/\/vinasfm.com\/noticias\/wp-content\/uploads\/2022\/08\/8f5736f4-f42d-4ae4-b170-15d023a5fd13.jpg 1280w\" sizes=\"auto, (max-width: 396px) 100vw, 396px\" \/><\/a><p id=\"caption-attachment-112178\" class=\"wp-caption-text\"><span style=\"color: #000000;\">Entrega de carpetas.<\/span><\/p><\/div>\n<p><span style=\"color: #000000;\">La totalidad de estas obras son financiadas por la Provincia, en el marco del Plan Mendoza Construye, L\u00ednea 1. \u00c9ste es el caso del B\u00ba Don Valent\u00edn, en Bowen. El intendente Walther Marcolini destac\u00f3 la r\u00e1pida construcci\u00f3n de viviendas que permite este sistema en comparaci\u00f3n con los antiguos proyectos que tardaban a\u00f1os en ejecutarse: \u201c<strong><em>Hoy, gracias al Gobierno provincial y al IPV podemos estar entregando estas viviendas modelo, porque son las primeras que cumplen con la certificaci\u00f3n energ\u00e9tica y est\u00e1n pensadas para que optimicen el uso de la energ\u00eda solar. Esto, sumado al trabajo que se hizo desde el municipio en la urbanizaci\u00f3n, les permitir\u00e1 a las familias tener un excelente futuro, y poder afianzarse en Bowen, sin la necesidad de salir a buscar mejores condiciones de vida en otros lugares<\/em><\/strong>\u201d, remarc\u00f3 el Jefe Comunal.<\/span><\/p>\n<p><span style=\"color: #000000;\">Asimismo, el ministro Mario Isgr\u00f3 puso \u00e9nfasis en la importancia de construir barrios en zonas rurales y productivas, como en este caso, para acercar a las familias a los lugares en donde desarrollan sus trabajos: \u201c<strong><em>Otros puntos a destacar son la labor de la entidad intermedia y el esfuerzo conjunto del municipio y el Gobierno que nos permite estar hoy, en el 108 Aniversario de Alvear, entregando viviendas sustentables a los vecinos de Bowen<\/em><\/strong>\u201d, dijo Isgro y reflexion\u00f3 sobre: \u201c<strong><em>La importancia del pago de las cuotas al IPV, ya que es la forma para que m\u00e1s mendocinos puedan tambi\u00e9n alcanzar el sue\u00f1o de la casa propia<\/em><\/strong>\u201d .<\/span><\/p>\n<p><span style=\"color: #000000;\">Por su parte, la titular del IPV, Mar\u00eda Marta Ontanilla destac\u00f3 que: \u201c<strong><em>Don Valent\u00edn es el primer barrio que se entrega en la provincia con caracter\u00edsticas sustentables, cumpliendo con la Ley de Etiquetado Energ\u00e9tico que se promulg\u00f3 a principios de este a\u00f1o. Las caracter\u00edsticas de las viviendas les va a traer un beneficio muy grande a las familias en cuanto a los costos de los servicios, ya que van a poder ahorrar energ\u00eda tanto en verano como en invierno. Esto hace que sean las primeras casas innovadoras que entregamos en esta gesti\u00f3n<\/em><\/strong>\u201d. Adem\u00e1s, Ontanilla remarc\u00f3 la rapidez con que se desarrollaron las obras, ya que en tan s\u00f3lo 8 meses se pudieron terminar. Y mencion\u00f3 que el IPV est\u00e1 ejecutando cerca de 700 viviendas con estas caracter\u00edsticas en distintos lugares de la Provincia.<\/span><\/p>\n<p><span style=\"color: #000000;\">El Director de Viviendas Fabi\u00e1n Gim\u00e9nez remarc\u00f3 el esfuerzo de todos los vecinos y el trabajo de la familia Escart\u00edn, que no solo prest\u00f3 maquinar\u00eda sino que, a\u00f1os atr\u00e1s, don\u00f3 el terreno ubicado en calle 16 y Centenario, donde se edific\u00f3 este barrio: \u201c<em><strong>Esta es una cuesti\u00f3n emocional, cuando se va transitando la parte de los tr\u00e1mites, nos vamos conociendo con los vecinos y emociona poder entregar las viviendas. Ahora seguimos con el Malvinas Argentinas, el Juncalito y El Nevado<\/strong><\/em>\u201d, dijo Gim\u00e9nez.<\/span><\/p>\n<p><span style=\"color: #000000;\">Sin dudas lo m\u00e1s emocionante de cada entrega es la reacci\u00f3n de los flamantes propietarios que ven hecho realidad sus sue\u00f1o, es el caso de Ofelia Recuerdo: \u201c<strong><em>Tanto trabajar y tanto sacrificio, pero lo logramos. Le agradezco a las autoridades que vinieron y a la Municipalidad que siempre est\u00e1 presente, es una realidad que esperamos por mucho tiempo<\/em><\/strong>\u201d. En la misma l\u00ednea Javier y Vanina expresaron: \u201c<strong><em>Se est\u00e1 cumpliendo un sue\u00f1o, no se puede explicar porque es algo muy lindo para mi familia y los vecinos, para mis amigos y mi madre, que siempre me acompa\u00f1\u00f3<\/em><\/strong>\u201d.<\/span><\/p>\n<p><span style=\"color: #000000;\">El barrio Don Valent\u00edn, que fue licitado a mediados de abril del 2021, y se inici\u00f3 en noviembre del mismo a\u00f1o, est\u00e1 ubicado en el distrito de Bowen y consta de 16 unidades de dos dormitorios, cocina comedor, ba\u00f1o y lavadero. Fueron construidas seg\u00fan la tipolog\u00eda<strong> SOLAR<\/strong> Norte o Sur, seg\u00fan donde se encuentren ubicadas en el terreno.<\/span><\/p>\n<p><span style=\"color: #000000;\">Cada una cuenta con 61.95 metros cuadrados cubiertos y se ejecutaron mediante el sistema New Panel, cuyos paneles est\u00e1n compuestos por dos placas OSB y entre ellas, espuma de poliuretano de alta densidad. Estos paneles se utilizaron tanto en paredes como en el techo, para optimizar la aislaci\u00f3n t\u00e9rmica.<\/span><\/p>\n<p><span style=\"color: #000000;\">Las paredes est\u00e1n recubiertas por una membrana hidr\u00f3fuga y por encima se colocaron placas cementicias a modo de revestimiento. Respecto a la carpinter\u00eda, es de aluminio con doble vidriado herm\u00e9tico, que contribuye a una mejor aislaci\u00f3n t\u00e9rmica respecto al exterior. Las viviendas se entregan completamente pintadas en el interior y exterior de las unidades.<\/span><\/p>\n","protected":false},"excerpt":{"rendered":"<p>16 familias cumplieron su sue\u00f1o de vivienda propia. Se trata de los vecinos del flamante Barrio Don Valent\u00edn, en Bowen, un &#8230;<\/p>\n","protected":false},"author":8,"featured_media":112177,"comment_status":"open","ping_status":"open","sticky":false,"template":"","format":"standard","meta":{"footnotes":""},"categories":[5,10],"tags":[],"class_list":["post-112176","post","type-post","status-publish","format-standard","has-post-thumbnail","hentry","category-actualidad","category-destacadas"],"_links":{"self":[{"href":"https:\/\/vinasfm.com\/noticias\/wp-json\/wp\/v2\/posts\/112176","targetHints":{"allow":["GET"]}}],"collection":[{"href":"https:\/\/vinasfm.com\/noticias\/wp-json\/wp\/v2\/posts"}],"about":[{"href":"https:\/\/vinasfm.com\/noticias\/wp-json\/wp\/v2\/types\/post"}],"author":[{"embeddable":true,"href":"https:\/\/vinasfm.com\/noticias\/wp-json\/wp\/v2\/users\/8"}],"replies":[{"embeddable":true,"href":"https:\/\/vinasfm.com\/noticias\/wp-json\/wp\/v2\/comments?post=112176"}],"version-history":[{"count":3,"href":"https:\/\/vinasfm.com\/noticias\/wp-json\/wp\/v2\/posts\/112176\/revisions"}],"predecessor-version":[{"id":112253,"href":"https:\/\/vinasfm.com\/noticias\/wp-json\/wp\/v2\/posts\/112176\/revisions\/112253"}],"wp:featuredmedia":[{"embeddable":true,"href":"https:\/\/vinasfm.com\/noticias\/wp-json\/wp\/v2\/media\/112177"}],"wp:attachment":[{"href":"https:\/\/vinasfm.com\/noticias\/wp-json\/wp\/v2\/media?parent=112176"}],"wp:term":[{"taxonomy":"category","embeddable":true,"href":"https:\/\/vinasfm.com\/noticias\/wp-json\/wp\/v2\/categories?post=112176"},{"taxonomy":"post_tag","embeddable":true,"href":"https:\/\/vinasfm.com\/noticias\/wp-json\/wp\/v2\/tags?post=112176"}],"curies":[{"name":"wp","href":"https:\/\/api.w.org\/{rel}","templated":true}]}}