{"id":112147,"date":"2022-08-13T00:02:45","date_gmt":"2022-08-13T03:02:45","guid":{"rendered":"http:\/\/vinasfm.com\/noticias\/?p=112147"},"modified":"2022-08-16T08:47:08","modified_gmt":"2022-08-16T11:47:08","slug":"dictaran-una-charla-informativa-sobre-nutricion-y-alimentacion","status":"publish","type":"post","link":"https:\/\/vinasfm.com\/noticias\/dictaran-una-charla-informativa-sobre-nutricion-y-alimentacion\/","title":{"rendered":"SE DICT\u00d3 UNA CHARLA INFORMATIVA SOBRE NUTRICI\u00d3N Y ALIMENTACI\u00d3N"},"content":{"rendered":"<h4><span style=\"color: #000000;\"><strong>Este s\u00e1bado 13 de agosto, en conjunto con la Escuela Teresa Ar\u00e1neo, la Asesor\u00eda de Discapacidad dictar\u00e1 una charla en la Biblioteca Sarmiento sobre nutrici\u00f3n y alimentaci\u00f3n de todos aquellos ni\u00f1os y adolescentes con alg\u00fan tipo de discapacidad.<\/strong><\/span><\/h4>\n<p><span style=\"color: #000000;\">Cecilia Ariet (Directora de Familia) detall\u00f3: <em><strong>&#8216;Para esta charla nos acompa\u00f1an profesionales de la Escuela Ar\u00e1neo y una profesional que viene desde Neuqu\u00e9n&#8217;. <\/strong><\/em>Por otro lado en di\u00e1logo con <strong>F.M VI\u00d1AS<\/strong> habl\u00f3 una de las profesionales de la escuela, Mar\u00eda Jos\u00e9 Nieto:<em><strong> &#8216;Quer\u00edamos invitarlos a todos a esta charla informativa que se realizara en la biblioteca Sarmiento el d\u00eda s\u00e1bado desde las 9 hs a 13 hs, la disertante que nos acompa\u00f1ara es Natalia Betonio ella es terapista ocupacional esta especializada en integraci\u00f3n sensorial y TEA&#8217;.<\/strong><\/em><\/span><\/p>\n<p><span style=\"color: #000000;\">Asimismo, habl\u00f3 la directora de la instituci\u00f3n: <em><strong>&#8216;En un primer momento la idea de la charla fue pensada para la poblaci\u00f3n que asiste a la escuela pero despu\u00e9s pensamos que es una tem\u00e1tica muy importante para todos, toda la comunidad esta invitada tiene un costo cooperativo de 300 pesos, aquellas familias que cuenten con el certificado de discapacidad pasan totalmente gratis&#8217;.<\/strong><\/em><\/span><\/p>\n<h6><span style=\"color: #000000;\"><strong>Ludmila Lucero.\u00a0<\/strong><\/span><\/h6>\n","protected":false},"excerpt":{"rendered":"<p>Este s\u00e1bado 13 de agosto, en conjunto con la Escuela Teresa Ar\u00e1neo, la Asesor\u00eda de Discapacidad dictar\u00e1 una charla en la &#8230;<\/p>\n","protected":false},"author":7,"featured_media":112164,"comment_status":"open","ping_status":"open","sticky":false,"template":"","format":"standard","meta":{"footnotes":""},"categories":[5,18],"tags":[],"class_list":["post-112147","post","type-post","status-publish","format-standard","has-post-thumbnail","hentry","category-actualidad","category-educacion"],"_links":{"self":[{"href":"https:\/\/vinasfm.com\/noticias\/wp-json\/wp\/v2\/posts\/112147","targetHints":{"allow":["GET"]}}],"collection":[{"href":"https:\/\/vinasfm.com\/noticias\/wp-json\/wp\/v2\/posts"}],"about":[{"href":"https:\/\/vinasfm.com\/noticias\/wp-json\/wp\/v2\/types\/post"}],"author":[{"embeddable":true,"href":"https:\/\/vinasfm.com\/noticias\/wp-json\/wp\/v2\/users\/7"}],"replies":[{"embeddable":true,"href":"https:\/\/vinasfm.com\/noticias\/wp-json\/wp\/v2\/comments?post=112147"}],"version-history":[{"count":9,"href":"https:\/\/vinasfm.com\/noticias\/wp-json\/wp\/v2\/posts\/112147\/revisions"}],"predecessor-version":[{"id":112226,"href":"https:\/\/vinasfm.com\/noticias\/wp-json\/wp\/v2\/posts\/112147\/revisions\/112226"}],"wp:featuredmedia":[{"embeddable":true,"href":"https:\/\/vinasfm.com\/noticias\/wp-json\/wp\/v2\/media\/112164"}],"wp:attachment":[{"href":"https:\/\/vinasfm.com\/noticias\/wp-json\/wp\/v2\/media?parent=112147"}],"wp:term":[{"taxonomy":"category","embeddable":true,"href":"https:\/\/vinasfm.com\/noticias\/wp-json\/wp\/v2\/categories?post=112147"},{"taxonomy":"post_tag","embeddable":true,"href":"https:\/\/vinasfm.com\/noticias\/wp-json\/wp\/v2\/tags?post=112147"}],"curies":[{"name":"wp","href":"https:\/\/api.w.org\/{rel}","templated":true}]}}