{"id":112141,"date":"2022-08-12T23:59:09","date_gmt":"2022-08-13T02:59:09","guid":{"rendered":"http:\/\/vinasfm.com\/noticias\/?p=112141"},"modified":"2022-08-16T08:40:52","modified_gmt":"2022-08-16T11:40:52","slug":"mano-a-mano-con-mabel-uccelli-criticas-al-plan-economico-nacional-y-apoyo-al-sector-docente","status":"publish","type":"post","link":"https:\/\/vinasfm.com\/noticias\/mano-a-mano-con-mabel-uccelli-criticas-al-plan-economico-nacional-y-apoyo-al-sector-docente\/","title":{"rendered":"MANO A MANO CON MABEL UCCELLI: CR\u00cdTICAS AL PLAN ECON\u00d3MICO NACIONAL Y APOYO AL SECTOR DOCENTE"},"content":{"rendered":"<h4><span style=\"color: #000000;\"><strong>En el marco del 108\u00ba aniversario de General Alvear, F.M. VI\u00d1AS dialog\u00f3 con la Presidente del Honorable Concejo Deliberante Mabel Uccelli, quien no solo analiz\u00f3 la situaci\u00f3n actual del departamento sino que hizo hincapi\u00e9 en el contexto nacional, condicionado por la crisis econ\u00f3mica, y en el provincial, sumido en el conflicto salarial.<\/strong><\/span><\/h4>\n<p><span style=\"color: #000000;\">&#8216;<strong><em>Es momento de an\u00e1lisis y balances de estos 108 a\u00f1os, una fecha que no debemos dejar pasar por alto y es necesario en estos momentos dejar de lado las discusiones partidarias y pol\u00edticas ya que todos estamos pasando por una crisis econ\u00f3mica producto de una hiperinflaci\u00f3n que ataca a todo el pa\u00eds producto del plan econ\u00f3mico que no logra llevar adelante el gobierno nacional<\/em><\/strong>&#8216;, evalu\u00f3 Uccelli, quien en la misma l\u00ednea no dej\u00f3 de lado el conflicto entre el gobierno mendocino y el sector docente: &#8216;<strong><em>M<\/em><em>\u00e1s all\u00e1 de esto yo desde mi lugar entiendo todo lo que est\u00e1 sucediendo y apoyo a todo el sector docente, a todos los trabajadores que est\u00e1n luchando por un salario digno<\/em><\/strong>&#8216;.<\/span><\/p>\n<p><span style=\"color: #000000;\">\u00bfEs dif\u00edcil equilibrar las cargas desde la presidencia para que los concejales se ocupen de los temas que le preocupan a los ciudadanos?<\/span><\/p>\n<p><strong><span style=\"color: #000000;\">&#8216;<em>Muchas veces es inevitable que sucedan este tipo de cosas, estas discusiones que muchas veces quedan adentro de este recinto y no trascend\u00edan, desde el concejo estamos abiertos a la escucha y nos hemos propuesto como cuerpo legislativo\/ instituci\u00f3n tratar todos los temas de manera conjunta de todos los reclamos que llegan desde los sindicatos entre otros, puede suceder que a veces no se lleve adelante lo que se decide en una reuni\u00f3n, mantenemos el dialogo y tratamos de hacerlo de la mejor manera<\/em>&#8216;.<\/span><\/strong><\/p>\n<p><span style=\"color: #000000;\">Hay decisiones que te ha tocado tomar porque hay potestad que tiene la presidenta\/te y pueden tomarlas sin consultar al resto de los concejales \u00bfSe avanza con ese tema?<\/span><\/p>\n<p><strong><span style=\"color: #000000;\">&#8216;<em>En realidad me gusta siempre consensuar, me gusta llevar la propuesta primero a un bloque despu\u00e9s a otro, tenemos tres bloques, todo lo que se haga salga por el apoyo de la mayor\u00eda, esto lo vengo haciendo desde que tengo este lugar y de esa manera pretendo seguir haci\u00e9ndolo si bien tengo la potestad de tomar las decisiones para que la instituci\u00f3n funcione positivamente deben estar todos los que forman parte del concejo<\/em>&#8216;.<\/span><\/strong><\/p>\n<p><span style=\"color: #000000;\">Hay que agregarle a esto que el mismo bloque tiene sus diferencias internas normales en este entorno \u00bfSe te hace un poco mas dif\u00edcil?<\/span><\/p>\n<p><strong><span style=\"color: #000000;\"><em>&#8216;Por supuesto que existen las diferencias que cada uno tiene sus ideas, siempre se di\u00e1logo y se busca llegar a un acuerdo que sea en beneficio de quien viene a plantear un reclamo, tratamos de discutir dentro del bloque y salir todos junto como bloque esto es lo que planteamos d\u00eda a d\u00eda&#8217;.<\/em><\/span><\/strong><\/p>\n<p><span style=\"color: #000000;\">\u00bfSon mayor\u00eda de mujeres en casi todos los puestos de trabajo?<\/span><\/p>\n<p><strong><span style=\"color: #000000;\"><em>&#8216;Si, la verdad que la mujeres dentro de esta instituci\u00f3n hay tomado un protagonismo muy importante, no tiene porque importar el g\u00e9nero&#8217;.<\/em><\/span><\/strong><\/p>\n<p><span style=\"color: #000000;\">\u00bfTe incomod\u00f3 la situaci\u00f3n de los docentes por ser oficialista y ser docente?<\/span><\/p>\n<p><strong><span style=\"color: #000000;\"><em>&#8216;Obviamente que molesta no es que uno deja de ser docente uno esta en este lugar de paso circunstancial, soy docente y voy a volver a las escuelas en alg\u00fan momento cuando esto termine, no es mucho el tiempo que me queda y por lo tanto entiendo esa lucha y la comprendo. A veces salir a expresarse es dif\u00edcil siendo uno muchas veces atacado, si he tomado la posta y he actuado en cuanto a lo que a mi me compete que es desde esta presidencia elevar todo tipo de petitoria que ha llegado a este concejo tanto por los docentes auto convocados como el SUTE donde se ha elevado a direcci\u00f3n general de escuela. Como te dije al principio es una lucha justa todos tiene derecho a un salario digno&#8217;.<\/em><\/span><\/strong><\/p>\n","protected":false},"excerpt":{"rendered":"<p>En el marco del 108\u00ba aniversario de General Alvear, F.M. VI\u00d1AS dialog\u00f3 con la Presidente del Honorable Concejo Deliberante Mabel Uccelli, &#8230;<\/p>\n","protected":false},"author":8,"featured_media":112142,"comment_status":"open","ping_status":"open","sticky":false,"template":"","format":"standard","meta":{"footnotes":""},"categories":[5,7],"tags":[],"class_list":["post-112141","post","type-post","status-publish","format-standard","has-post-thumbnail","hentry","category-actualidad","category-politica"],"_links":{"self":[{"href":"https:\/\/vinasfm.com\/noticias\/wp-json\/wp\/v2\/posts\/112141","targetHints":{"allow":["GET"]}}],"collection":[{"href":"https:\/\/vinasfm.com\/noticias\/wp-json\/wp\/v2\/posts"}],"about":[{"href":"https:\/\/vinasfm.com\/noticias\/wp-json\/wp\/v2\/types\/post"}],"author":[{"embeddable":true,"href":"https:\/\/vinasfm.com\/noticias\/wp-json\/wp\/v2\/users\/8"}],"replies":[{"embeddable":true,"href":"https:\/\/vinasfm.com\/noticias\/wp-json\/wp\/v2\/comments?post=112141"}],"version-history":[{"count":7,"href":"https:\/\/vinasfm.com\/noticias\/wp-json\/wp\/v2\/posts\/112141\/revisions"}],"predecessor-version":[{"id":112154,"href":"https:\/\/vinasfm.com\/noticias\/wp-json\/wp\/v2\/posts\/112141\/revisions\/112154"}],"wp:featuredmedia":[{"embeddable":true,"href":"https:\/\/vinasfm.com\/noticias\/wp-json\/wp\/v2\/media\/112142"}],"wp:attachment":[{"href":"https:\/\/vinasfm.com\/noticias\/wp-json\/wp\/v2\/media?parent=112141"}],"wp:term":[{"taxonomy":"category","embeddable":true,"href":"https:\/\/vinasfm.com\/noticias\/wp-json\/wp\/v2\/categories?post=112141"},{"taxonomy":"post_tag","embeddable":true,"href":"https:\/\/vinasfm.com\/noticias\/wp-json\/wp\/v2\/tags?post=112141"}],"curies":[{"name":"wp","href":"https:\/\/api.w.org\/{rel}","templated":true}]}}