{"id":112133,"date":"2022-08-12T08:26:40","date_gmt":"2022-08-12T11:26:40","guid":{"rendered":"http:\/\/vinasfm.com\/noticias\/?p=112133"},"modified":"2022-08-12T10:48:46","modified_gmt":"2022-08-12T13:48:46","slug":"se-aproxima-la-fiesta-de-los-mercados-a-un-ano-de-la-reinauguracion-del-mercado-municipal","status":"publish","type":"post","link":"https:\/\/vinasfm.com\/noticias\/se-aproxima-la-fiesta-de-los-mercados-a-un-ano-de-la-reinauguracion-del-mercado-municipal\/","title":{"rendered":"SE APROXIMA LA FIESTA DE LOS MERCADOS A UN A\u00d1O DE LA REINAUGURACI\u00d3N DEL MERCADO MUNICIPAL"},"content":{"rendered":"<h4><span style=\"color: #000000;\"><strong>La Coordinadora de Econom\u00eda Social Valeria Mart\u00ednez invit\u00f3 al evento programado para el s\u00e1bado 13 y el domingo 14 de agosto, que contar\u00e1 con actividades durante todo el d\u00eda. El primer aniversario del Mercado Municipal contar\u00e1 con m\u00e1s de 50 emprendedores convocados, adem\u00e1s se suma el servicio gratuito del Bus tur\u00edstico desde los distritos.<\/strong><\/span><\/h4>\n<p><span style=\"color: #000000;\">A continuaci\u00f3n, se detalla el cronograma de actividades.<\/span><\/p>\n<p><span style=\"color: #000000;\"><strong>S\u00e1bado 13 de agosto, de8 a 18:30hs:<\/strong><\/span><\/p>\n<p><span style=\"color: #000000;\">&#8211; Feria de Productores y Artesanos<\/span><br \/>\n<span style=\"color: #000000;\">&#8211; Radio Municipal (Sorteos)<\/span><br \/>\n<span style=\"color: #000000;\">&#8211; Mauricio y Gema<\/span><br \/>\n<span style=\"color: #000000;\">&#8211; Inti Pulku<\/span><br \/>\n<span style=\"color: #000000;\">&#8211; Alma de Mi Tierra<\/span><br \/>\n<span style=\"color: #000000;\">&#8211; Ballet de Folclore Carmensa<\/span><br \/>\n<span style=\"color: #000000;\">&#8211; Onda Cuartetera<\/span><br \/>\n<span style=\"color: #000000;\">&#8211; DJ Abril<\/span><\/p>\n<p><span style=\"color: #000000;\">Parque de los ni\u00f1os, de 15 a 18:30hs, con actividades recreativas<\/span><br \/>\n<span style=\"color: #000000;\">Skatepark, de 15 a 18:30hs, con Freestyle y m\u00fasica<\/span><br \/>\n<span style=\"color: #000000;\">Predio gastron\u00f3mico, de 9 a 18:30hs, intervenci\u00f3n de murales por la Artista Flavia Varela, artistas y animadores (Antonela y Lucas), actividades recreativas (Pelotero y metegol), encuentro de Ajedrez<\/span><\/p>\n<p><span style=\"color: #000000;\">&#8211; 15hs sale el Bus Tur\u00edstico desde la Delegaci\u00f3n Municipal de Carmensa hacia el Mercado Municipal y regresa a las 18:30hs<\/span><\/p>\n<p><span style=\"color: #000000;\"><strong>Domingo 14 de agosto, de 8 a 20hs:<\/strong><\/span><\/p>\n<p><span style=\"color: #000000;\">&#8211; Feria de Productores y Artesanos<\/span><br \/>\n<span style=\"color: #000000;\">&#8211; Al Sur Tango<\/span><br \/>\n<span style=\"color: #000000;\">&#8211; Mustaf\u00e1 Sol<\/span><br \/>\n<span style=\"color: #000000;\">&#8211; Solduo, Mustafa y Hern\u00e1n<\/span><\/p>\n<p><span style=\"color: #000000;\">Parque de los ni\u00f1os, de 15 a 20hs, con actividades recreativas y cocineritos del <strong>Taller del CIC del Barrio SOEMGA<\/strong><\/span><\/p>\n<p><span style=\"color: #000000;\">Skatepark, de 15 a 20hs, con encuentro de Skate y m\u00fasica<\/span><br \/>\n<span style=\"color: #000000;\">Predio gastron\u00f3mico, de 15 a 20hs, con artistas y animadores (Antonela y Lucas), actividades recreativas (Pelotero y metegol), DJ Abril, CAF, Homenaje a Tomi Leit\u00f3n<\/span><\/p>\n<p><span style=\"color: #000000;\">&#8211; 15hs sale el Bus Tur\u00edstico desde Plaza General San Mart\u00edn de Bowen y regresa a las 19:30hs<\/span><\/p>\n<p><span style=\"color: #000000;\">&#8211; 15:30hs sale el Bus Tur\u00edstico desde Plaza Manuel Belgrano de Alvear Oeste y regresa a las 19:30hs<\/span><\/p>\n","protected":false},"excerpt":{"rendered":"<p>La Coordinadora de Econom\u00eda Social Valeria Mart\u00ednez invit\u00f3 al evento programado para el s\u00e1bado 13 y el domingo 14 de agosto, &#8230;<\/p>\n","protected":false},"author":8,"featured_media":112134,"comment_status":"open","ping_status":"open","sticky":false,"template":"","format":"standard","meta":{"footnotes":""},"categories":[5,10],"tags":[],"class_list":["post-112133","post","type-post","status-publish","format-standard","has-post-thumbnail","hentry","category-actualidad","category-destacadas"],"_links":{"self":[{"href":"https:\/\/vinasfm.com\/noticias\/wp-json\/wp\/v2\/posts\/112133","targetHints":{"allow":["GET"]}}],"collection":[{"href":"https:\/\/vinasfm.com\/noticias\/wp-json\/wp\/v2\/posts"}],"about":[{"href":"https:\/\/vinasfm.com\/noticias\/wp-json\/wp\/v2\/types\/post"}],"author":[{"embeddable":true,"href":"https:\/\/vinasfm.com\/noticias\/wp-json\/wp\/v2\/users\/8"}],"replies":[{"embeddable":true,"href":"https:\/\/vinasfm.com\/noticias\/wp-json\/wp\/v2\/comments?post=112133"}],"version-history":[{"count":1,"href":"https:\/\/vinasfm.com\/noticias\/wp-json\/wp\/v2\/posts\/112133\/revisions"}],"predecessor-version":[{"id":112135,"href":"https:\/\/vinasfm.com\/noticias\/wp-json\/wp\/v2\/posts\/112133\/revisions\/112135"}],"wp:featuredmedia":[{"embeddable":true,"href":"https:\/\/vinasfm.com\/noticias\/wp-json\/wp\/v2\/media\/112134"}],"wp:attachment":[{"href":"https:\/\/vinasfm.com\/noticias\/wp-json\/wp\/v2\/media?parent=112133"}],"wp:term":[{"taxonomy":"category","embeddable":true,"href":"https:\/\/vinasfm.com\/noticias\/wp-json\/wp\/v2\/categories?post=112133"},{"taxonomy":"post_tag","embeddable":true,"href":"https:\/\/vinasfm.com\/noticias\/wp-json\/wp\/v2\/tags?post=112133"}],"curies":[{"name":"wp","href":"https:\/\/api.w.org\/{rel}","templated":true}]}}