{"id":112130,"date":"2022-08-12T08:21:28","date_gmt":"2022-08-12T11:21:28","guid":{"rendered":"http:\/\/vinasfm.com\/noticias\/?p=112130"},"modified":"2022-08-16T08:40:30","modified_gmt":"2022-08-16T11:40:30","slug":"mas-de-100-productores-participaron-de-la-capacitacion-sobre-el-combate-de-heladas","status":"publish","type":"post","link":"https:\/\/vinasfm.com\/noticias\/mas-de-100-productores-participaron-de-la-capacitacion-sobre-el-combate-de-heladas\/","title":{"rendered":"M\u00c1S DE 100 PRODUCTORES PARTICIPARON DE LA CAPACITACI\u00d3N SOBRE EL COMBATE DE HELADAS"},"content":{"rendered":"<h4><span style=\"color: #000000;\"><strong>Con el objetivo de estar preparados para combatir el flagelo de las heladas, es que se desarroll\u00f3 una Jornada de Actualizaci\u00f3n T\u00e9cnica Estrategias y Planificaci\u00f3n en el Manejo de Heladas. La jornada se llev\u00f3 a cabo en la finca de Daniel Vega, ubicada en calle 13, entre Ruta 188 y calle G.<\/strong><\/span><\/h4>\n<p><span style=\"color: #000000;\"> \u201c<strong><em>Est\u00e1 la gente de la Direcci\u00f3n de Contingencias Clim\u00e1ticas de la Provincia, del INTA General Alvear, el INTA Rama Ca\u00edda, la Municipalidad a trav\u00e9s de la Direcci\u00f3n de Agricultura, apostando fuertemente a todas las herramientas que estas instituciones tienen para ofrecer al productor<\/em><\/strong>\u201d, expres\u00f3 el Secretario de Desarrollo Econ\u00f3mico e Innovaci\u00f3n Carlos Ponce, acerca de esta capacitaci\u00f3n que cont\u00f3 con una parte te\u00f3rica y otra pr\u00e1ctica.<\/span><\/p>\n<p><span style=\"color: #000000;\">De esta jornada participaron m\u00e1s de cien productores, lo que demuestra el inter\u00e9s que hay a la hora de capacitarse. El objetivo es que los productores est\u00e9n preparados y cuenten con las herramientas para combatir las heladas, por ello se abordaron todas las t\u00e9cnicas activas y pasivas para el combate de heladas.<\/span><\/p>\n<p><span style=\"color: #000000;\">El ingeniero Mauro Silvestre, del INTA General Alvear, destac\u00f3 que la idea fue hacerlo bien pr\u00e1ctico para el productor y por ello se eligi\u00f3 realizar el taller en una finca, si bien la jornada tambi\u00e9n cont\u00f3 con un marco te\u00f3rico: \u201c<strong><em>La intenci\u00f3n fue tomar esta finca, donde se combinan distintas t\u00e9cnicas de defensa, tanto activas como un sistema de riego sub arb\u00f3reo, pero tambi\u00e9n se implementa un sistema de defensa por calefacci\u00f3n, o sea que se combina con estrategias pasivas. De esta forma buscamos ense\u00f1ar c\u00f3mo dise\u00f1ar una estrategia de defensa considerando cortinas forestales, pendientes, cu\u00e1les son las zonas de ingreso de aire fr\u00edo, pero tambi\u00e9n d\u00f3nde ubicar calefacciones, si es solo en los callejones, con qu\u00e9 densidad, con qu\u00e9 elementos combustibles, y finalmente c\u00f3mo se dise\u00f1ar\u00eda una defensa activa por riego por aspersi\u00f3n, que es lo m\u00e1s eficiente aunque no todos pueden acceder por el costo<\/em><\/strong>\u201d.<\/span><\/p>\n<p><span style=\"color: #000000;\">El propietario de la finca, Daniel Vega cont\u00f3 su experiencia en el manejo de heladas y lo que fue esta jornada: \u201c<strong><em>Super\u00f3 las expectativas porque vino m\u00e1s gente de la que esper\u00e1bamos, lo que marca la necesidad que tenemos de capacitarnos y combatir las contingencias. En mi caso siempre tomo como prioridad la funcionalidad y la est\u00e9tica, por eso soy exigente para que los callejones est\u00e9 en condiciones y la tecnolog\u00eda mejora todo el entorno<\/em><\/strong>\u201d. En el caso de Vega realiza una lucha contra las heladas mediante un sistema de riego por aspersi\u00f3n que incorpor\u00f3 en el 2019, lo que permiti\u00f3 proteger mejor sus cultivos y que la inversi\u00f3n realizada fuera muy positiva.<\/span><\/p>\n","protected":false},"excerpt":{"rendered":"<p>Con el objetivo de estar preparados para combatir el flagelo de las heladas, es que se desarroll\u00f3 una Jornada de Actualizaci\u00f3n &#8230;<\/p>\n","protected":false},"author":8,"featured_media":112131,"comment_status":"open","ping_status":"open","sticky":false,"template":"","format":"standard","meta":{"footnotes":""},"categories":[5,14],"tags":[],"class_list":["post-112130","post","type-post","status-publish","format-standard","has-post-thumbnail","hentry","category-actualidad","category-agro"],"_links":{"self":[{"href":"https:\/\/vinasfm.com\/noticias\/wp-json\/wp\/v2\/posts\/112130","targetHints":{"allow":["GET"]}}],"collection":[{"href":"https:\/\/vinasfm.com\/noticias\/wp-json\/wp\/v2\/posts"}],"about":[{"href":"https:\/\/vinasfm.com\/noticias\/wp-json\/wp\/v2\/types\/post"}],"author":[{"embeddable":true,"href":"https:\/\/vinasfm.com\/noticias\/wp-json\/wp\/v2\/users\/8"}],"replies":[{"embeddable":true,"href":"https:\/\/vinasfm.com\/noticias\/wp-json\/wp\/v2\/comments?post=112130"}],"version-history":[{"count":1,"href":"https:\/\/vinasfm.com\/noticias\/wp-json\/wp\/v2\/posts\/112130\/revisions"}],"predecessor-version":[{"id":112132,"href":"https:\/\/vinasfm.com\/noticias\/wp-json\/wp\/v2\/posts\/112130\/revisions\/112132"}],"wp:featuredmedia":[{"embeddable":true,"href":"https:\/\/vinasfm.com\/noticias\/wp-json\/wp\/v2\/media\/112131"}],"wp:attachment":[{"href":"https:\/\/vinasfm.com\/noticias\/wp-json\/wp\/v2\/media?parent=112130"}],"wp:term":[{"taxonomy":"category","embeddable":true,"href":"https:\/\/vinasfm.com\/noticias\/wp-json\/wp\/v2\/categories?post=112130"},{"taxonomy":"post_tag","embeddable":true,"href":"https:\/\/vinasfm.com\/noticias\/wp-json\/wp\/v2\/tags?post=112130"}],"curies":[{"name":"wp","href":"https:\/\/api.w.org\/{rel}","templated":true}]}}