{"id":112127,"date":"2022-08-12T10:10:17","date_gmt":"2022-08-12T13:10:17","guid":{"rendered":"http:\/\/vinasfm.com\/noticias\/?p=112127"},"modified":"2022-08-12T10:48:03","modified_gmt":"2022-08-12T13:48:03","slug":"piden-la-extension-del-troncal-la-mora-para-llegar-con-gas-a-monte-coman","status":"publish","type":"post","link":"https:\/\/vinasfm.com\/noticias\/piden-la-extension-del-troncal-la-mora-para-llegar-con-gas-a-monte-coman\/","title":{"rendered":"PIDEN LA EXTENSI\u00d3N DEL TRONCAL LA MORA PARA LLEGAR CON GAS A MONTE COM\u00c1N"},"content":{"rendered":"<h4><span style=\"color: #000000;\"><strong>En las \u00faltimas horas ingres\u00f3 en la legislatura provincial un proyecto para que el Ministerio de Planificaci\u00f3n e Infraestructura gestione las acciones pertinentes para la concreci\u00f3n de la Obra de Infraestructura Troncal de Distribuci\u00f3n del Subsistema Troncal La Mora \u2013 General Alvear \u2013 San Rafael de gas natural.<\/strong><\/span><\/h4>\n<p><span style=\"color: #000000;\">El pedido se realiz\u00f3 a partir del reclamo de vecinos del distrito de Monte Com\u00e1n organizados en la ONG \u201cPro Monte Com\u00e1n\u201d que manifiestan la necesidad de la obra. \u201c<strong><em>No solo es importante para las familias de la regi\u00f3n, sino tambi\u00e9n para el desarrollo productivo y las nuevas inversiones que pueda llegar a tener el distrito en caso de concretarse la misma<\/em><\/strong>\u201d, explica el proyecto.<\/span><\/p>\n<p><span style=\"color: #000000;\">Concretar la obra significar\u00eda la factibilidad de nuevas conexiones por parte de las concesionarias, las cuales se ven imposibilitadas de otorgar la prestaci\u00f3n de gas natural tanto en los domicilios particulares, f\u00e1bricas, escuelas, emprendimientos tur\u00edsticos, entre otros damnificados. <\/span><\/p>\n<p><span style=\"color: #000000;\">De esta manera,<strong> se podr\u00e1 transportar el fluido desde la planta de transferencia de gas La Mora hasta las mencionadas localidades<\/strong>.<\/span><\/p>\n","protected":false},"excerpt":{"rendered":"<p>En las \u00faltimas horas ingres\u00f3 en la legislatura provincial un proyecto para que el Ministerio de Planificaci\u00f3n e Infraestructura gestione las &#8230;<\/p>\n","protected":false},"author":8,"featured_media":112128,"comment_status":"open","ping_status":"open","sticky":false,"template":"","format":"standard","meta":{"footnotes":""},"categories":[5,68],"tags":[],"class_list":["post-112127","post","type-post","status-publish","format-standard","has-post-thumbnail","hentry","category-actualidad","category-servicios"],"_links":{"self":[{"href":"https:\/\/vinasfm.com\/noticias\/wp-json\/wp\/v2\/posts\/112127","targetHints":{"allow":["GET"]}}],"collection":[{"href":"https:\/\/vinasfm.com\/noticias\/wp-json\/wp\/v2\/posts"}],"about":[{"href":"https:\/\/vinasfm.com\/noticias\/wp-json\/wp\/v2\/types\/post"}],"author":[{"embeddable":true,"href":"https:\/\/vinasfm.com\/noticias\/wp-json\/wp\/v2\/users\/8"}],"replies":[{"embeddable":true,"href":"https:\/\/vinasfm.com\/noticias\/wp-json\/wp\/v2\/comments?post=112127"}],"version-history":[{"count":1,"href":"https:\/\/vinasfm.com\/noticias\/wp-json\/wp\/v2\/posts\/112127\/revisions"}],"predecessor-version":[{"id":112129,"href":"https:\/\/vinasfm.com\/noticias\/wp-json\/wp\/v2\/posts\/112127\/revisions\/112129"}],"wp:featuredmedia":[{"embeddable":true,"href":"https:\/\/vinasfm.com\/noticias\/wp-json\/wp\/v2\/media\/112128"}],"wp:attachment":[{"href":"https:\/\/vinasfm.com\/noticias\/wp-json\/wp\/v2\/media?parent=112127"}],"wp:term":[{"taxonomy":"category","embeddable":true,"href":"https:\/\/vinasfm.com\/noticias\/wp-json\/wp\/v2\/categories?post=112127"},{"taxonomy":"post_tag","embeddable":true,"href":"https:\/\/vinasfm.com\/noticias\/wp-json\/wp\/v2\/tags?post=112127"}],"curies":[{"name":"wp","href":"https:\/\/api.w.org\/{rel}","templated":true}]}}