{"id":112119,"date":"2022-08-12T10:00:51","date_gmt":"2022-08-12T13:00:51","guid":{"rendered":"http:\/\/vinasfm.com\/noticias\/?p=112119"},"modified":"2022-08-12T10:50:16","modified_gmt":"2022-08-12T13:50:16","slug":"las-jubilaciones-aumentaran-un-155-en-septiembre-y-habra-un-bono-por-tres-meses","status":"publish","type":"post","link":"https:\/\/vinasfm.com\/noticias\/las-jubilaciones-aumentaran-un-155-en-septiembre-y-habra-un-bono-por-tres-meses\/","title":{"rendered":"LAS JUBILACIONES AUMENTAR\u00c1N UN 15,5% EN SEPTIEMBRE Y HABR\u00c1 UN BONO POR TRES MESES"},"content":{"rendered":"<h4><span style=\"color: #000000;\"><strong>Las jubilaciones tendr\u00e1n un incremento del 15,53% a partir de septiembre, anunci\u00f3 en la tarde de este mi\u00e9rcoles el Gobierno nacional. A ello se suma el pago de un bono de $7.000 por tres meses. De esta manera, un jubilado cobrar\u00e1 de m\u00ednima $50.353.<\/strong><\/span><\/h4>\n<p class=\"note__epigraph\"><span style=\"color: #000000;\">Anses comunic\u00f3 en cu\u00e1nto quedar\u00e1 el haber m\u00ednimo el plus ser\u00e1 de $7.000. El plus se abonar\u00e1\u00a0<strong>en septiembre, octubre y noviembre<\/strong>\u00a0hasta el pr\u00f3ximo aumento por movilidad\u00a0que se dar\u00e1 diciembre, para\u00a0compensar la aceleraci\u00f3n inflacionaria. La medida\u00a0alcanzar\u00e1 a 6,1 millones de personas, es decir, casi el 85 por ciento de todas las jubilaciones.<\/span><\/p>\n<p><span style=\"color: #000000;\"><strong>El bono ser\u00e1 escalonado<\/strong>: los\u00a0<strong>haberes m\u00ednimos recibir\u00e1n la suma de $7.000<\/strong>, mientras que quienes perciban\u00a0<strong>hasta dos jubilaciones m\u00ednimas recibir\u00e1n $4.000<\/strong>.<\/span><\/p>\n<p><span style=\"color: #000000;\">Con la actualizaci\u00f3n de la movilidad jubilatoria,\u00a0la jubilaci\u00f3n m\u00ednima\u00a0<strong>pasar\u00e1 de $37.525 pesos a $50.353<\/strong>\u00a0 desde septiembre, mientras que\u00a0<strong>hasta dos jubilaciones m\u00ednimas ascender\u00e1n de $75.050 a $90.705<\/strong>.<\/span><\/p>\n<p><span style=\"color: #000000;\">A su vez,\u00a0<strong>el haber m\u00e1ximo pasar\u00e1 de $252.507,44 a $291.721<\/strong>.<\/span><\/p>\n<p><span style=\"color: #000000;\"><a style=\"color: #000000;\" href=\"http:\/\/vinasfm.com\/noticias\/wp-content\/uploads\/2022\/08\/Jubilacion.png\"><img loading=\"lazy\" decoding=\"async\" class=\"wp-image-112120 aligncenter\" src=\"http:\/\/vinasfm.com\/noticias\/wp-content\/uploads\/2022\/08\/Jubilacion-300x87.png\" alt=\"\" width=\"797\" height=\"231\" srcset=\"https:\/\/vinasfm.com\/noticias\/wp-content\/uploads\/2022\/08\/Jubilacion-300x87.png 300w, https:\/\/vinasfm.com\/noticias\/wp-content\/uploads\/2022\/08\/Jubilacion-1024x297.png 1024w, https:\/\/vinasfm.com\/noticias\/wp-content\/uploads\/2022\/08\/Jubilacion-768x222.png 768w, https:\/\/vinasfm.com\/noticias\/wp-content\/uploads\/2022\/08\/Jubilacion.png 1260w\" sizes=\"auto, (max-width: 797px) 100vw, 797px\" \/><\/a><\/span><\/p>\n<p><span style=\"color: #000000;\">Por otro lado, la\u00a0<strong>Pensi\u00f3n Universal para el Adulto Mayor (PUAM) llegar\u00e1 a $34.682,4<\/strong>.<\/span><\/p>\n<p><span style=\"color: #000000;\">Desde Anses explicaron que\u00a0la jubilaci\u00f3n m\u00ednima aumentar\u00e1 por arriba de la inflaci\u00f3n estipulada, puesto que el mes pr\u00f3ximo llegar\u00e1 a\u00a0<strong>73,3%<\/strong>.<\/span><\/p>\n<p><span style=\"color: #000000;\">Para quienes no perciban el nuevo bono, el aumento acumulado en lo que va del a\u00f1o ser\u00e1 de\u00a0<strong>49,17%<\/strong>.<\/span><\/p>\n","protected":false},"excerpt":{"rendered":"<p>Las jubilaciones tendr\u00e1n un incremento del 15,53% a partir de septiembre, anunci\u00f3 en la tarde de este mi\u00e9rcoles el Gobierno nacional. &#8230;<\/p>\n","protected":false},"author":7,"featured_media":112121,"comment_status":"open","ping_status":"open","sticky":false,"template":"","format":"standard","meta":{"footnotes":""},"categories":[5,50],"tags":[],"class_list":["post-112119","post","type-post","status-publish","format-standard","has-post-thumbnail","hentry","category-actualidad","category-anses"],"_links":{"self":[{"href":"https:\/\/vinasfm.com\/noticias\/wp-json\/wp\/v2\/posts\/112119","targetHints":{"allow":["GET"]}}],"collection":[{"href":"https:\/\/vinasfm.com\/noticias\/wp-json\/wp\/v2\/posts"}],"about":[{"href":"https:\/\/vinasfm.com\/noticias\/wp-json\/wp\/v2\/types\/post"}],"author":[{"embeddable":true,"href":"https:\/\/vinasfm.com\/noticias\/wp-json\/wp\/v2\/users\/7"}],"replies":[{"embeddable":true,"href":"https:\/\/vinasfm.com\/noticias\/wp-json\/wp\/v2\/comments?post=112119"}],"version-history":[{"count":3,"href":"https:\/\/vinasfm.com\/noticias\/wp-json\/wp\/v2\/posts\/112119\/revisions"}],"predecessor-version":[{"id":112161,"href":"https:\/\/vinasfm.com\/noticias\/wp-json\/wp\/v2\/posts\/112119\/revisions\/112161"}],"wp:featuredmedia":[{"embeddable":true,"href":"https:\/\/vinasfm.com\/noticias\/wp-json\/wp\/v2\/media\/112121"}],"wp:attachment":[{"href":"https:\/\/vinasfm.com\/noticias\/wp-json\/wp\/v2\/media?parent=112119"}],"wp:term":[{"taxonomy":"category","embeddable":true,"href":"https:\/\/vinasfm.com\/noticias\/wp-json\/wp\/v2\/categories?post=112119"},{"taxonomy":"post_tag","embeddable":true,"href":"https:\/\/vinasfm.com\/noticias\/wp-json\/wp\/v2\/tags?post=112119"}],"curies":[{"name":"wp","href":"https:\/\/api.w.org\/{rel}","templated":true}]}}