{"id":112058,"date":"2022-08-12T09:40:53","date_gmt":"2022-08-12T12:40:53","guid":{"rendered":"http:\/\/vinasfm.com\/noticias\/?p=112058"},"modified":"2022-08-13T09:47:59","modified_gmt":"2022-08-13T12:47:59","slug":"los-pequenos-productores-contaran-con-un-inmueble-para-promocion-economica","status":"publish","type":"post","link":"https:\/\/vinasfm.com\/noticias\/los-pequenos-productores-contaran-con-un-inmueble-para-promocion-economica\/","title":{"rendered":"LOS PEQUE\u00d1OS PRODUCTORES CONTAR\u00c1N CON UN INMUEBLE PARA PROMOCI\u00d3N ECON\u00d3MICA"},"content":{"rendered":"<h4><span style=\"color: #000000;\"><strong>La C\u00e1mara de Diputados dio media sanci\u00f3n a un proyecto de Jos\u00e9 Manuel Vilches (UCR), por el cual se establece transferir a la Municipalidad de General Alvear, a t\u00edtulo de donaci\u00f3n con cargo, un inmueble ubicado en la ruta nacional 188 kil\u00f3metro 797, para la promoci\u00f3n econ\u00f3mica de peque\u00f1os productores del departamento.<\/strong><\/span><\/h4>\n<p><span style=\"color: #000000;\"><strong>Se trata de una superficie de m\u00e1s de 3 hect\u00e1reas<\/strong> que se encuentra en el distrito de Colonia Alvear Oeste, en el departamento de General Alvear, que actualmente se encuentra inscripta a nombre de la Provincia de Mendoza. De acuerdo al articulado, <strong>la finalidad exclusiva es el fomento y la promoci\u00f3n econ\u00f3mica de peque\u00f1os productores rurales, agropecuarios, agroindustriales y\/o de cualquier otra actividad productiva del departamento<\/strong>, ya sea que est\u00e9n organizados en forma de cooperativas o de cualquier otra forma jur\u00eddica.<\/span><\/p>\n<p><span style=\"color: #000000;\">El Diputado Provincial Jos\u00e9 Manuel Vilches (UCR) expres\u00f3: &#8216;<em><strong>Soy muy optimista de que vamos a tener acompa\u00f1amiento de los senadores y que pronto tendremos la ley que otorgue ese edificio a la municipalidad de General Alvear fortaleciendo el patrimonio del departamento y que adem\u00e1s la municipalidad pueda realizar inversiones en dicho edificio&#8217;.\u00a0<\/strong><\/em><\/span><\/p>\n<p><span style=\"color: #000000;\">Anteriormente el pasado tres de noviembre precisamente del a\u00f1o 2014 se firm\u00f3 el contrato de comodato entre el Gobierno de Mendoza a trav\u00e9s de la <strong>Direcci\u00f3n de Administraci\u00f3n de Activos Ex Bancos Oficiales (D.A.A.B.O.)<\/strong> en uso de atribuciones y facultades contenidas por la Ley N\u00b0 6921 y la Municipalidad de General Alvear sobre el inmueble ubicado en Ruta Nacional 188 de este departamento: <em>&#8216;<strong>Este traspaso es con cargos para que sea destinado a la agroindustria del departamento para el apoyo de los peque\u00f1os y medianos productores. Es sumamente necesario brindar mayor seguridad jur\u00eddica a los actuales comodatarios y por ello es imprescindible que la Municipalidad de General Alvear obtenga la titularidad del inmueble en cuesti\u00f3n. De esta forma se contar\u00eda con mayor certidumbre por parte de quienes hacen uso de las instalaciones\u201d, <\/strong><\/em>concluy\u00f3 Vilches.<\/span><\/p>\n","protected":false},"excerpt":{"rendered":"<p>La C\u00e1mara de Diputados dio media sanci\u00f3n a un proyecto de Jos\u00e9 Manuel Vilches (UCR), por el cual se establece transferir &#8230;<\/p>\n","protected":false},"author":7,"featured_media":112105,"comment_status":"open","ping_status":"open","sticky":false,"template":"","format":"standard","meta":{"footnotes":""},"categories":[5,14],"tags":[],"class_list":["post-112058","post","type-post","status-publish","format-standard","has-post-thumbnail","hentry","category-actualidad","category-agro"],"_links":{"self":[{"href":"https:\/\/vinasfm.com\/noticias\/wp-json\/wp\/v2\/posts\/112058","targetHints":{"allow":["GET"]}}],"collection":[{"href":"https:\/\/vinasfm.com\/noticias\/wp-json\/wp\/v2\/posts"}],"about":[{"href":"https:\/\/vinasfm.com\/noticias\/wp-json\/wp\/v2\/types\/post"}],"author":[{"embeddable":true,"href":"https:\/\/vinasfm.com\/noticias\/wp-json\/wp\/v2\/users\/7"}],"replies":[{"embeddable":true,"href":"https:\/\/vinasfm.com\/noticias\/wp-json\/wp\/v2\/comments?post=112058"}],"version-history":[{"count":3,"href":"https:\/\/vinasfm.com\/noticias\/wp-json\/wp\/v2\/posts\/112058\/revisions"}],"predecessor-version":[{"id":112106,"href":"https:\/\/vinasfm.com\/noticias\/wp-json\/wp\/v2\/posts\/112058\/revisions\/112106"}],"wp:featuredmedia":[{"embeddable":true,"href":"https:\/\/vinasfm.com\/noticias\/wp-json\/wp\/v2\/media\/112105"}],"wp:attachment":[{"href":"https:\/\/vinasfm.com\/noticias\/wp-json\/wp\/v2\/media?parent=112058"}],"wp:term":[{"taxonomy":"category","embeddable":true,"href":"https:\/\/vinasfm.com\/noticias\/wp-json\/wp\/v2\/categories?post=112058"},{"taxonomy":"post_tag","embeddable":true,"href":"https:\/\/vinasfm.com\/noticias\/wp-json\/wp\/v2\/tags?post=112058"}],"curies":[{"name":"wp","href":"https:\/\/api.w.org\/{rel}","templated":true}]}}