{"id":112022,"date":"2022-08-10T22:10:13","date_gmt":"2022-08-11T01:10:13","guid":{"rendered":"http:\/\/vinasfm.com\/noticias\/?p=112022"},"modified":"2022-08-11T08:54:23","modified_gmt":"2022-08-11T11:54:23","slug":"mariana-juri-pretende-reconvertir-planes-sociales-con-el-programa-de-1-empleo-que-ya-funciona-en-mendoza","status":"publish","type":"post","link":"https:\/\/vinasfm.com\/noticias\/mariana-juri-pretende-reconvertir-planes-sociales-con-el-programa-de-1-empleo-que-ya-funciona-en-mendoza\/","title":{"rendered":"MARIANA JURI PRETENDE RECONVERTIR PLANES SOCIALES CON EL PROGRAMA DE 1\u00b0 EMPLEO QUE YA FUNCIONA EN MENDOZA"},"content":{"rendered":"<h4><strong><span style=\"color: #000000;\">El nuevo ministro de Econom\u00eda, Sergio Massa, volvi\u00f3 a encender la discusi\u00f3n sobre el futuro de los planes sociales, cuando asegur\u00f3 que pretend\u00eda reconvertirlos en trabajo genuino. En el acto aparecieron las cr\u00edticas sobre qu\u00e9 organismos de control asegurar\u00edan esa reconversi\u00f3n y no falt\u00f3 quien pusiera la mira en la falta de capacitaci\u00f3n y formaci\u00f3n laboral de los beneficiarios de esos planes, lo que les dificulta a muchos el camino al empleo formal.<\/span><\/strong><\/h4>\n<p><span style=\"color: #000000;\">Antes de que la idea de Massa se enfr\u00ede, la senadora nacional Mariana Juri present\u00f3 dos proyectos para crear un Programa Nacional de Nuevas Oportunidades de Empleo y para imitar el programa de capacitaci\u00f3n Enlace (Entrenamiento Laboral Certificado) que ya funciona en Mendoza.<\/span><\/p>\n<p><span style=\"color: #000000;\">El primero de esos programas supone que aquel beneficiario de planes sociales que acceda a un empleo formal podr\u00e1 conservar el plan durante 12 meses, lapso durante el cual cobrar\u00e1 el monto de los planes que tiene (lo que seguir\u00e1 siendo pagado por el Estado) y el empleador costear\u00e1 la diferencia de esos ingresos con el salario que le corresponda seg\u00fan el \u00e1rea en la que se desempe\u00f1e.<\/span><\/p>\n<p><span style=\"color: #000000;\">Cumplido ese lapso de un a\u00f1o, si se consolida la relaci\u00f3n laboral, el empleador deber\u00e1 pagar la totalidad del salario y por tanto se extinguir\u00e1 el cobro del plan social. Si as\u00ed no fuere, el beneficiario continuar\u00e1 percibiendo s\u00f3lo el monto del plan.<\/span><\/p>\n<p><span style=\"color: #000000;\">Para incentivar a las empresas a tomar a estos beneficiarios, el Estado le bonificar\u00eda a quien tome beneficiarios de planes sociales con este programa un 20% de los impuestos patronales del R\u00e9gimen Nacional de Seguridad Social.<\/span><\/p>\n<p><span style=\"color: #000000;\">En tanto que el programa Enlace, que Juri pretende reeditar en la Naci\u00f3n, est\u00e1 dirigido a los mayores de 18 a\u00f1os que est\u00e9n desempleados o tengan planes sociales, quienes podr\u00e1n tener una capacitaci\u00f3n que va de los 2 a los 6 meses, y la carga horaria no podr\u00e1 superar las 4 horas diarias, ni las 20 horas semanales.<\/span><\/p>\n<p><span style=\"color: #000000;\">Tal cual ocurre en Mendoza, la autoridad de aplicaci\u00f3n -que en Naci\u00f3n ser\u00eda el Ministerio de Trabajo- deber\u00e1 certificar los acuerdos a los que lleguen las empresas que se adhieran y los beneficiarios que se sumen. En ellos debe constar que las empresas deber\u00e1n pagar una suma de dinero no remunerativa en car\u00e1cter de asignaci\u00f3n de est\u00edmulo que tomar\u00e1 como referencia el Salario M\u00ednimo Vital y M\u00f3vil o el salario b\u00e1sico neto del convenio de la actividad que desarrolle y ese monto ser\u00e1 proporcional a la carga horaria que se fije en la capacitaci\u00f3n.<\/span><\/p>\n<p><span style=\"color: #000000;\">Ambas iniciativas est\u00e1n alineadas con el planteo que hace escasos d\u00edas hiciera el gobernador Rodolfo Suarez, quien fue m\u00e1s all\u00e1 y se mostr\u00f3 partidario de ir elimin\u00e1ndolos con el argumento de que \u201c<strong><em>el gran cambio cultural que tiene que hacer la Argentina es salir de los planes sociales<\/em><\/strong>\u201d.<\/span><\/p>\n<p><span style=\"color: #000000;\">Fue cuando Suarez reconoci\u00f3 a 7 pymes que se involucraron en la tomar personal bajo la modalidad de los programas de Enlace y Enlazados y remarc\u00f3 que con ambos planes en un a\u00f1o se crearon 7.408 puestos de trabajo formales. El 30% de ellos cobraba planes sociales nacionales que dieron de baja para tener un empleo formal.<\/span><\/p>\n","protected":false},"excerpt":{"rendered":"<p>El nuevo ministro de Econom\u00eda, Sergio Massa, volvi\u00f3 a encender la discusi\u00f3n sobre el futuro de los planes sociales, cuando asegur\u00f3 &#8230;<\/p>\n","protected":false},"author":8,"featured_media":112023,"comment_status":"open","ping_status":"open","sticky":false,"template":"","format":"standard","meta":{"footnotes":""},"categories":[5,10],"tags":[],"class_list":["post-112022","post","type-post","status-publish","format-standard","has-post-thumbnail","hentry","category-actualidad","category-destacadas"],"_links":{"self":[{"href":"https:\/\/vinasfm.com\/noticias\/wp-json\/wp\/v2\/posts\/112022","targetHints":{"allow":["GET"]}}],"collection":[{"href":"https:\/\/vinasfm.com\/noticias\/wp-json\/wp\/v2\/posts"}],"about":[{"href":"https:\/\/vinasfm.com\/noticias\/wp-json\/wp\/v2\/types\/post"}],"author":[{"embeddable":true,"href":"https:\/\/vinasfm.com\/noticias\/wp-json\/wp\/v2\/users\/8"}],"replies":[{"embeddable":true,"href":"https:\/\/vinasfm.com\/noticias\/wp-json\/wp\/v2\/comments?post=112022"}],"version-history":[{"count":1,"href":"https:\/\/vinasfm.com\/noticias\/wp-json\/wp\/v2\/posts\/112022\/revisions"}],"predecessor-version":[{"id":112024,"href":"https:\/\/vinasfm.com\/noticias\/wp-json\/wp\/v2\/posts\/112022\/revisions\/112024"}],"wp:featuredmedia":[{"embeddable":true,"href":"https:\/\/vinasfm.com\/noticias\/wp-json\/wp\/v2\/media\/112023"}],"wp:attachment":[{"href":"https:\/\/vinasfm.com\/noticias\/wp-json\/wp\/v2\/media?parent=112022"}],"wp:term":[{"taxonomy":"category","embeddable":true,"href":"https:\/\/vinasfm.com\/noticias\/wp-json\/wp\/v2\/categories?post=112022"},{"taxonomy":"post_tag","embeddable":true,"href":"https:\/\/vinasfm.com\/noticias\/wp-json\/wp\/v2\/tags?post=112022"}],"curies":[{"name":"wp","href":"https:\/\/api.w.org\/{rel}","templated":true}]}}