{"id":111965,"date":"2022-08-09T10:05:21","date_gmt":"2022-08-09T13:05:21","guid":{"rendered":"http:\/\/vinasfm.com\/noticias\/?p=111965"},"modified":"2022-08-09T10:50:28","modified_gmt":"2022-08-09T13:50:28","slug":"el-diputado-nacional-omar-de-marchi-consigno-que-hay-que-resolver-el-conflicto-docente","status":"publish","type":"post","link":"https:\/\/vinasfm.com\/noticias\/el-diputado-nacional-omar-de-marchi-consigno-que-hay-que-resolver-el-conflicto-docente\/","title":{"rendered":"EL DIPUTADO NACIONAL OMAR DE MARCHI CONSIGN\u00d3 QUE \u201cHAY QUE RESOLVER EL CONFLICTO DOCENTE\u201d"},"content":{"rendered":"<h4><span style=\"color: #000000;\"><strong>A partir de una convocatoria al di\u00e1logo que el SUTE ha iniciado en la provincia, el diputado nacional de Juntos por el Cambio (PRO) por la provincia de Mendoza Omar De Marchi, mantuvo en las \u00faltimas horas un encuentro virtual con docentes nucleados en el SUTE liderados por la Secretaria General Carina Sedano y Gustavo Correa, Secretario Gremial, con el fin de motorizar el di\u00e1logo sobre el conflicto que mantienen con el gobierno provincial en el marco de mejoras salariales.<\/strong><\/span><\/h4>\n<p><span style=\"color: #000000;\">De Marchi afirm\u00f3 que<em><strong> &#8216;Nadie gana con este conflicto que es de alt\u00edsima sensibilidad porque contrapone dos intereses leg\u00edtimos: el del acceso a la educaci\u00f3n y el de un ingreso digno para los docentes&#8217;.<\/strong><\/em><\/span><\/p>\n<p><span style=\"color: #000000;\"> Adem\u00e1s afirm\u00f3 que <em><strong>\u00abEn momentos de tanta conflictividad social, producto de una situaci\u00f3n econ\u00f3mica compleja, todas las partes debemos aportar el m\u00e1ximo de tolerancia y de consideraci\u00f3n para resolver los problemas y no transformar a los mismos en pujas de poder alejados de los problemas reales\u201d<\/strong><\/em> expres\u00f3 el legislador.<\/span><\/p>\n<p><span style=\"color: #000000;\">Y a\u00f1adi\u00f3 <em><strong>&#8216;Creo que las diferencias no son tan extremas, por lo que mediando responsabilidad y tolerancia deber\u00eda llegarse a un acuerdo pronto&#8217;.<\/strong><\/em><\/span><\/p>\n<p><span style=\"color: #000000;\"> Junto a De Marchi, Sedado y Correa, participaron de la reuni\u00f3n el diputado nacional de Juntos Por el Cambio (PRO) y titular local del partido, \u00c1lvaro Mart\u00ednez; la diputada provincial Laura Balsells-Mir\u00f3 y el senador provincial y presidente de la Fundaci\u00f3n Pensar Mendoza, Germ\u00e1n Vicchi.<\/span><\/p>\n","protected":false},"excerpt":{"rendered":"<p>A partir de una convocatoria al di\u00e1logo que el SUTE ha iniciado en la provincia, el diputado nacional de Juntos por &#8230;<\/p>\n","protected":false},"author":7,"featured_media":85090,"comment_status":"open","ping_status":"open","sticky":false,"template":"","format":"standard","meta":{"footnotes":""},"categories":[5,18],"tags":[],"class_list":["post-111965","post","type-post","status-publish","format-standard","has-post-thumbnail","hentry","category-actualidad","category-educacion"],"_links":{"self":[{"href":"https:\/\/vinasfm.com\/noticias\/wp-json\/wp\/v2\/posts\/111965","targetHints":{"allow":["GET"]}}],"collection":[{"href":"https:\/\/vinasfm.com\/noticias\/wp-json\/wp\/v2\/posts"}],"about":[{"href":"https:\/\/vinasfm.com\/noticias\/wp-json\/wp\/v2\/types\/post"}],"author":[{"embeddable":true,"href":"https:\/\/vinasfm.com\/noticias\/wp-json\/wp\/v2\/users\/7"}],"replies":[{"embeddable":true,"href":"https:\/\/vinasfm.com\/noticias\/wp-json\/wp\/v2\/comments?post=111965"}],"version-history":[{"count":3,"href":"https:\/\/vinasfm.com\/noticias\/wp-json\/wp\/v2\/posts\/111965\/revisions"}],"predecessor-version":[{"id":111985,"href":"https:\/\/vinasfm.com\/noticias\/wp-json\/wp\/v2\/posts\/111965\/revisions\/111985"}],"wp:featuredmedia":[{"embeddable":true,"href":"https:\/\/vinasfm.com\/noticias\/wp-json\/wp\/v2\/media\/85090"}],"wp:attachment":[{"href":"https:\/\/vinasfm.com\/noticias\/wp-json\/wp\/v2\/media?parent=111965"}],"wp:term":[{"taxonomy":"category","embeddable":true,"href":"https:\/\/vinasfm.com\/noticias\/wp-json\/wp\/v2\/categories?post=111965"},{"taxonomy":"post_tag","embeddable":true,"href":"https:\/\/vinasfm.com\/noticias\/wp-json\/wp\/v2\/tags?post=111965"}],"curies":[{"name":"wp","href":"https:\/\/api.w.org\/{rel}","templated":true}]}}