{"id":111942,"date":"2022-08-09T09:01:21","date_gmt":"2022-08-09T12:01:21","guid":{"rendered":"http:\/\/vinasfm.com\/noticias\/?p=111942"},"modified":"2022-08-09T11:01:07","modified_gmt":"2022-08-09T14:01:07","slug":"piden-saber-si-se-logro-un-acuerdo-con-la-pampa-por-el-caudal-del-rio-atuel","status":"publish","type":"post","link":"https:\/\/vinasfm.com\/noticias\/piden-saber-si-se-logro-un-acuerdo-con-la-pampa-por-el-caudal-del-rio-atuel\/","title":{"rendered":"PIDEN SABER SI SE LOGR\u00d3 UN ACUERDO CON LA PAMPA POR EL CAUDAL DEL R\u00cdO ATUEL"},"content":{"rendered":"<h4><span style=\"color: #000000;\"><strong>En las \u00faltimas horas ingres\u00f3 a la legislatura provincial un pedido para saber en qu\u00e9 instancia se encuentra el acuerdo con La Pampa por la situaci\u00f3n del R\u00edo Atuel, tras el planteo de la Corte Suprema de la Naci\u00f3n de fijar un caudal m\u00ednimo interprovincial.<\/strong><\/span><\/h4>\n<p><span style=\"color: #000000;\">Hay que recordar que <strong>el 16 de Julio del 2020, la Corte dictamin\u00f3 que el caudal ser\u00eda de 3,2 m3\/s y orden\u00f3 a que las provincias involucradas, junto con el Estado Nacional, determinen en la \u00f3rbita de la C.I.A.I<\/strong> (Comisi\u00f3n Interprovincial Del Atuel Inferior), las acciones y obras de infraestructura para<strong> alcanzar el caudal m\u00ednimo permanente fijado<\/strong>, debiendo indicar el tiempo que demandar\u00e1n y el porcentaje de costos que cada una de las jurisdicciones afrontar\u00eda.<\/span><\/p>\n<p><span style=\"color: #000000;\">A tales fines la Corte estableci\u00f3 un plazo de 90 d\u00edas bajo apercibimiento de ser ella la que defina el curso de acci\u00f3n a seguir: <\/span><span style=\"color: #000000;\">\u201c<strong><em>Hoy dicho plazo se encuentra vencido y a trav\u00e9s de este pedido de informe solicitamos que se ponga a disposici\u00f3n toda la informaci\u00f3n al respecto que disponga el Gobierno Provincial para tener un conocimiento acabado sobre reuniones y negociaciones entre ambas provincias, propuestas, acuerdos, medidas, acciones e incluso las estrategias a tomar por parte de nuestra Provincia para cumplimentar con el imperativo judicial<\/em><\/strong>\u201d, explica.<\/span><\/p>\n<p><span style=\"color: #000000;\">Entre los pedidos se busca saber \u201c<strong><em>si se ha logrado alg\u00fan tipo de acuerdo o negociaci\u00f3n entre el Gobierno Provincial, el Gobierno Nacional y la provincia de La Pampa respecto a lo regulado por la Corte Suprema de Justicia de la Naci\u00f3n en cuanto a la fijaci\u00f3n del caudal m\u00ednimo de abastecimiento de agua del R\u00edo Atuel en el l\u00edmite interprovincial<\/em><\/strong>\u201d.<\/span><\/p>\n<p><span style=\"color: #000000;\">Tambi\u00e9n cu\u00e1l es plan estrat\u00e9gico en el que el Gobierno de la provincia est\u00e1 trabajando, o que ha trabajado, a los fines de garantizar el caudal m\u00ednimo exigido en el reciente fallo de la Corte y si est\u00e1 prevista una propuesta de obra para el trasvase del R\u00edo Grande al Atuel, entre otras.<\/span><\/p>\n","protected":false},"excerpt":{"rendered":"<p>En las \u00faltimas horas ingres\u00f3 a la legislatura provincial un pedido para saber en qu\u00e9 instancia se encuentra el acuerdo con &#8230;<\/p>\n","protected":false},"author":8,"featured_media":73162,"comment_status":"open","ping_status":"open","sticky":false,"template":"","format":"standard","meta":{"footnotes":""},"categories":[5,54],"tags":[],"class_list":["post-111942","post","type-post","status-publish","format-standard","has-post-thumbnail","hentry","category-actualidad","category-conflicto-con-la-pampa"],"_links":{"self":[{"href":"https:\/\/vinasfm.com\/noticias\/wp-json\/wp\/v2\/posts\/111942","targetHints":{"allow":["GET"]}}],"collection":[{"href":"https:\/\/vinasfm.com\/noticias\/wp-json\/wp\/v2\/posts"}],"about":[{"href":"https:\/\/vinasfm.com\/noticias\/wp-json\/wp\/v2\/types\/post"}],"author":[{"embeddable":true,"href":"https:\/\/vinasfm.com\/noticias\/wp-json\/wp\/v2\/users\/8"}],"replies":[{"embeddable":true,"href":"https:\/\/vinasfm.com\/noticias\/wp-json\/wp\/v2\/comments?post=111942"}],"version-history":[{"count":3,"href":"https:\/\/vinasfm.com\/noticias\/wp-json\/wp\/v2\/posts\/111942\/revisions"}],"predecessor-version":[{"id":111998,"href":"https:\/\/vinasfm.com\/noticias\/wp-json\/wp\/v2\/posts\/111942\/revisions\/111998"}],"wp:featuredmedia":[{"embeddable":true,"href":"https:\/\/vinasfm.com\/noticias\/wp-json\/wp\/v2\/media\/73162"}],"wp:attachment":[{"href":"https:\/\/vinasfm.com\/noticias\/wp-json\/wp\/v2\/media?parent=111942"}],"wp:term":[{"taxonomy":"category","embeddable":true,"href":"https:\/\/vinasfm.com\/noticias\/wp-json\/wp\/v2\/categories?post=111942"},{"taxonomy":"post_tag","embeddable":true,"href":"https:\/\/vinasfm.com\/noticias\/wp-json\/wp\/v2\/tags?post=111942"}],"curies":[{"name":"wp","href":"https:\/\/api.w.org\/{rel}","templated":true}]}}