{"id":111843,"date":"2022-08-04T00:01:22","date_gmt":"2022-08-04T03:01:22","guid":{"rendered":"http:\/\/vinasfm.com\/noticias\/?p=111843"},"modified":"2022-08-08T09:51:02","modified_gmt":"2022-08-08T12:51:02","slug":"pronostico-frio-y-lloviznas-para-el-departamento-este-fin-de-semana","status":"publish","type":"post","link":"https:\/\/vinasfm.com\/noticias\/pronostico-frio-y-lloviznas-para-el-departamento-este-fin-de-semana\/","title":{"rendered":"FR\u00cdO Y LLOVIZNAS EN LA REGI\u00d3N DURANTE ESTE FIN DE SEMANA"},"content":{"rendered":"<h4><strong>El pasaje de un sistema frontal fr\u00edo durante el s\u00e1bado y domingo generar\u00e1 un cambio en la direcci\u00f3n e intensidad del viento, ubic\u00e1ndose del sector sur. Esto impulsar\u00e1 el ingreso de aire fr\u00edo y seco a todo el pa\u00eds, lo que provocar\u00e1 un gran descenso t\u00e9rmico con heladas matinales. Lluvias aisladas y neviscas en nuestra regi\u00f3n m\u00e1s que nada el d\u00eda domingo. Las condiciones comienzan a mejorar el d\u00eda lunes en la tarde.\u00a0<\/strong><\/h4>\n<p><strong>Viernes<\/strong><\/p>\n<p>Cielo con algo de nubosidad, viento del sector sur-sureste de intensidad moderada hacia la noche. Leve descenso de temperatura, la <strong>m\u00e1xima<\/strong> ser\u00e1 de 15 \u00b0C y la <strong>m\u00ednima<\/strong> de 1 \u00b0C (zona urbana).<\/p>\n<p><strong>S\u00e1bado<\/strong><\/p>\n<p>Ingreso de sistema frontal, viento sur de intensidad moderada a fuerte durante todo el d\u00eda. Cielo nublado y posibilidades de precipitaciones aisladas hacia la noche. Marcado descenso de temperatura, la <strong>m\u00e1xima<\/strong> ser\u00e1 de 8 \u00b0C y la <strong>m\u00ednima<\/strong> de 1 \u00b0C (zona urbana).<\/p>\n<p><strong>Domingo<\/strong><\/p>\n<p>Viento sur de intensidad moderada a fuerte durante todo el d\u00eda, cielo nublado. Precipitaciones aisladas durante el d\u00eda y posibilidad de precipitaci\u00f3n de agua nieve en sectores cercanos a nuestro departamento. Descenso de temperatura, la <strong>m\u00e1xima<\/strong> ser\u00e1 de 5 \u00b0C y la <strong>m\u00ednim<\/strong>a de -1 \u00b0C (zona urbana)<\/p>\n<p><strong>Lunes <\/strong><\/p>\n<p>Viento sur de intensidad d\u00e9bil, desde la medianoche, ingreso de aire del norte. Cielo nublado, sin precipitaciones. La temperatura<strong> m\u00e1xima<\/strong> ser\u00e1 de 8 \u00b0C y la<strong> m\u00ednima<\/strong> de -2 \u00b0C (zona urbana)<\/p>\n","protected":false},"excerpt":{"rendered":"<p>El pasaje de un sistema frontal fr\u00edo durante el s\u00e1bado y domingo generar\u00e1 un cambio en la direcci\u00f3n e intensidad del &#8230;<\/p>\n","protected":false},"author":7,"featured_media":43538,"comment_status":"open","ping_status":"open","sticky":false,"template":"","format":"standard","meta":{"footnotes":""},"categories":[5,36],"tags":[],"class_list":["post-111843","post","type-post","status-publish","format-standard","has-post-thumbnail","hentry","category-actualidad","category-pronostico"],"_links":{"self":[{"href":"https:\/\/vinasfm.com\/noticias\/wp-json\/wp\/v2\/posts\/111843","targetHints":{"allow":["GET"]}}],"collection":[{"href":"https:\/\/vinasfm.com\/noticias\/wp-json\/wp\/v2\/posts"}],"about":[{"href":"https:\/\/vinasfm.com\/noticias\/wp-json\/wp\/v2\/types\/post"}],"author":[{"embeddable":true,"href":"https:\/\/vinasfm.com\/noticias\/wp-json\/wp\/v2\/users\/7"}],"replies":[{"embeddable":true,"href":"https:\/\/vinasfm.com\/noticias\/wp-json\/wp\/v2\/comments?post=111843"}],"version-history":[{"count":2,"href":"https:\/\/vinasfm.com\/noticias\/wp-json\/wp\/v2\/posts\/111843\/revisions"}],"predecessor-version":[{"id":111872,"href":"https:\/\/vinasfm.com\/noticias\/wp-json\/wp\/v2\/posts\/111843\/revisions\/111872"}],"wp:featuredmedia":[{"embeddable":true,"href":"https:\/\/vinasfm.com\/noticias\/wp-json\/wp\/v2\/media\/43538"}],"wp:attachment":[{"href":"https:\/\/vinasfm.com\/noticias\/wp-json\/wp\/v2\/media?parent=111843"}],"wp:term":[{"taxonomy":"category","embeddable":true,"href":"https:\/\/vinasfm.com\/noticias\/wp-json\/wp\/v2\/categories?post=111843"},{"taxonomy":"post_tag","embeddable":true,"href":"https:\/\/vinasfm.com\/noticias\/wp-json\/wp\/v2\/tags?post=111843"}],"curies":[{"name":"wp","href":"https:\/\/api.w.org\/{rel}","templated":true}]}}