{"id":111817,"date":"2022-08-05T05:01:06","date_gmt":"2022-08-05T08:01:06","guid":{"rendered":"http:\/\/vinasfm.com\/noticias\/?p=111817"},"modified":"2022-08-05T10:57:05","modified_gmt":"2022-08-05T13:57:05","slug":"fundacion-cecsagal-dono-material-deportivo-a-la-escuela-marcos-grana","status":"publish","type":"post","link":"https:\/\/vinasfm.com\/noticias\/fundacion-cecsagal-dono-material-deportivo-a-la-escuela-marcos-grana\/","title":{"rendered":"FUNDACI\u00d3N CECSAGAL DON\u00d3 MATERIAL DEPORTIVO A LA ESCUELA MARCOS GRA\u00d1A"},"content":{"rendered":"<h4><strong><span style=\"color: #000000;\">La Escuela N\u00ba 8-383 \u00abMarcos Gra\u00f1a\u00bb, de Canalejas, recibi\u00f3 pelotas que ser\u00e1n utilizadas en Educaci\u00f3n F\u00edsica y como entretenimiento para los internos. <\/span><span style=\"color: #000000;\">Como es habitual, la Fundaci\u00f3n Cecsagal busca colaborar con instituciones educativas y este mi\u00e9rcoles atendi\u00f3 el pedido de un padre de la instituci\u00f3n, que se hab\u00eda comunicado d\u00edas antes para solicitar colaboraci\u00f3n con material deportivo.<\/span><\/strong><\/h4>\n<p><span style=\"color: #000000;\"><strong>Carina Past\u00e9n<\/strong>, docente de la<strong> Escuela N\u00ba 8 -383, \u00abMarcos Gra\u00f1a\u00bb<\/strong>, de <strong>Canalejas<\/strong>, fue la encargada de recibir el material deportivo a manos de la Fundaci\u00f3n, y satisfecha, cont\u00f3: \u00ab<strong><em>Un pap\u00e1 hizo la conexi\u00f3n, porque necesitamos materiales de educaci\u00f3n f\u00edsica. Se acerc\u00f3 a la Fundaci\u00f3n y ellos respondieron muy bien. Nos dieron pelotas de b\u00e1squet y de f\u00fatbol, que verdaderamente nos vienen espectacular<\/em><\/strong>\u00ab.<\/span><\/p>\n<p><span style=\"color: #000000;\">La Escuela de nivel primario, tiene una matr\u00edcula de 23 alumnos, 18 de los cuales son internos, por lo que es vital que tengan elementos no s\u00f3lo de uso educativo escolar, sino tambi\u00e9n para entretenimiento.<\/span><\/p>\n<p><span style=\"color: #000000;\">\u00ab<strong><em>Tenemos personal las 24 horas, si bien durante ma\u00f1ana y tarde tienen actividades pedag\u00f3gicas, hay preceptores de d\u00eda y de noche, que velan por los alumnos que est\u00e1n albergados. Estamos 15 d\u00edas continuos en la Escuela y despu\u00e9s 15 d\u00edas en los hogares, aunque en contacto permanente con los docentes<\/em><\/strong>\u00ab, subray\u00f3.<\/span><\/p>\n","protected":false},"excerpt":{"rendered":"<p>La Escuela N\u00ba 8-383 \u00abMarcos Gra\u00f1a\u00bb, de Canalejas, recibi\u00f3 pelotas que ser\u00e1n utilizadas en Educaci\u00f3n F\u00edsica y como entretenimiento para los &#8230;<\/p>\n","protected":false},"author":8,"featured_media":111818,"comment_status":"open","ping_status":"open","sticky":false,"template":"","format":"standard","meta":{"footnotes":""},"categories":[5,60],"tags":[],"class_list":["post-111817","post","type-post","status-publish","format-standard","has-post-thumbnail","hentry","category-actualidad","category-cecsagal"],"_links":{"self":[{"href":"https:\/\/vinasfm.com\/noticias\/wp-json\/wp\/v2\/posts\/111817","targetHints":{"allow":["GET"]}}],"collection":[{"href":"https:\/\/vinasfm.com\/noticias\/wp-json\/wp\/v2\/posts"}],"about":[{"href":"https:\/\/vinasfm.com\/noticias\/wp-json\/wp\/v2\/types\/post"}],"author":[{"embeddable":true,"href":"https:\/\/vinasfm.com\/noticias\/wp-json\/wp\/v2\/users\/8"}],"replies":[{"embeddable":true,"href":"https:\/\/vinasfm.com\/noticias\/wp-json\/wp\/v2\/comments?post=111817"}],"version-history":[{"count":1,"href":"https:\/\/vinasfm.com\/noticias\/wp-json\/wp\/v2\/posts\/111817\/revisions"}],"predecessor-version":[{"id":111823,"href":"https:\/\/vinasfm.com\/noticias\/wp-json\/wp\/v2\/posts\/111817\/revisions\/111823"}],"wp:featuredmedia":[{"embeddable":true,"href":"https:\/\/vinasfm.com\/noticias\/wp-json\/wp\/v2\/media\/111818"}],"wp:attachment":[{"href":"https:\/\/vinasfm.com\/noticias\/wp-json\/wp\/v2\/media?parent=111817"}],"wp:term":[{"taxonomy":"category","embeddable":true,"href":"https:\/\/vinasfm.com\/noticias\/wp-json\/wp\/v2\/categories?post=111817"},{"taxonomy":"post_tag","embeddable":true,"href":"https:\/\/vinasfm.com\/noticias\/wp-json\/wp\/v2\/tags?post=111817"}],"curies":[{"name":"wp","href":"https:\/\/api.w.org\/{rel}","templated":true}]}}